{"id":120549,"date":"2025-05-22T22:52:09","date_gmt":"2025-05-22T22:52:09","guid":{"rendered":"https:\/\/www.europesays.com\/fr\/120549\/"},"modified":"2025-05-22T22:52:09","modified_gmt":"2025-05-22T22:52:09","slug":"la-boxeuse-georgia-oconnor-est-morte-dun-cancer","status":"publish","type":"post","link":"https:\/\/www.europesays.com\/fr\/120549\/","title":{"rendered":"La boxeuse Georgia O\u2019Connor est morte d\u2019un cancer"},"content":{"rendered":"<p><strong>Un Combat perdu &#8211; La lutte acharn\u00e9e de la jeune femme contre la maladie, qu\u2019elle a rendue publique, a suscit\u00e9 une \u00e9motion profonde dans le monde de la boxe<\/strong><\/p>\n<p>Elle n\u2019avait que 25 ans. La jeune <a href=\"https:\/\/www.20minutes.fr\/sport\/boxe\/?at_medium=RSS%20feed&amp;at_campaign=ynews&amp;utm_source=yahoo&amp;utm_medium=rss&amp;utm_campaign=news_feed&amp;utm_content=in_article_link\" rel=\"nofollow noopener\" target=\"_blank\" data-ylk=\"slk:boxeuse;elm:context_link;itc:0;sec:content-canvas\" class=\"link \">boxeuse <\/a>britannique Georgia O\u2019Connor est d\u00e9c\u00e9d\u00e9e, <a href=\"https:\/\/www.bbc.com\/sport\/boxing\/articles\/c3wd447wg6no?at_medium=RSS%20feed&amp;at_campaign=ynews&amp;utm_source=yahoo&amp;utm_medium=rss&amp;utm_campaign=news_feed&amp;utm_content=in_article_link\" rel=\"nofollow noopener\" target=\"_blank\" data-ylk=\"slk:a annonc\u00e9 la BBC ce jeudi;elm:context_link;itc:0;sec:content-canvas\" class=\"link \">a annonc\u00e9 la BBC ce jeudi<\/a>. Atteinte d\u2019un <a href=\"https:\/\/www.20minutes.fr\/dossier\/cancer?at_medium=RSS%20feed&amp;at_campaign=ynews&amp;utm_source=yahoo&amp;utm_medium=rss&amp;utm_campaign=news_feed&amp;utm_content=in_article_link\" rel=\"nofollow noopener\" target=\"_blank\" data-ylk=\"slk:cancer;elm:context_link;itc:0;sec:content-canvas\" class=\"link \">cancer<\/a>, elle a men\u00e9 un combat courageux contre la maladie avant de succomber, suscitant une grande \u00e9motion dans le monde de la boxe.<\/p>\n<p>Georgia O\u2019Connor, originaire du <a href=\"https:\/\/www.20minutes.fr\/monde\/royaume-uni\/?at_medium=RSS%20feed&amp;at_campaign=ynews&amp;utm_source=yahoo&amp;utm_medium=rss&amp;utm_campaign=news_feed&amp;utm_content=in_article_link\" rel=\"nofollow noopener\" target=\"_blank\" data-ylk=\"slk:Royaume-Uni;elm:context_link;itc:0;sec:content-canvas\" class=\"link \">Royaume-Uni<\/a>, s\u2019\u00e9tait fait remarquer sur le ring par son talent et sa d\u00e9termination. Elle avait annonc\u00e9 sa maladie sur son <a href=\"https:\/\/www.instagram.com\/p\/DFfnk84IZb5\/?hl=fr&amp;at_medium=RSS%20feed&amp;at_campaign=ynews&amp;utm_source=yahoo&amp;utm_medium=rss&amp;utm_campaign=news_feed&amp;utm_content=in_article_link\" rel=\"nofollow noopener\" target=\"_blank\" data-ylk=\"slk:compte Instagram en octobre 2024;elm:context_link;itc:0;sec:content-canvas\" class=\"link \">compte Instagram en octobre 2024<\/a>. Dans cette publication, la jeune femme fustigeait un \u00ab syst\u00e8me de sant\u00e9 cass\u00e9 \u00bb.<\/p>\n<p>\u00ab Ils m\u2019ont dit que c\u2019\u00e9tait dans ma t\u00eate \u00bb<\/p>\n<p>\u00ab Pendant dix-sept semaines, j\u2019ai souffert en silence, allant et venant entre les urgences de Durham et de Newcastle, sachant au fond de moi que quelque chose n\u2019allait pas. J\u2019ai demand\u00e9 des scanners, des tests sanguins, en pleurant de douleur, mais aucun m\u00e9decin ne m\u2019a prise au s\u00e9rieux. Ils m\u2019ont rejet\u00e9e, ils m\u2019ont dit que c\u2019\u00e9tait dans ma t\u00eate \u00bb, a-t-elle d\u00e9nonc\u00e9.<\/p>\n<p>f=\u00a0\u00bbhttps:\/\/ringmagazine.com\/fr\/news\/georgia-o-connor-25-ans-decede-apres-un-combat-contre-le-cancer-hommages-nombreux-dans-le-monde-de-la-boxe?at_medium=RSS%20feed&amp;at_campaign=ynews&amp;utm_source=yahoo&amp;utm_medium=rss&amp;utm_campaign=news_feed&amp;utm_content=in_article_link\u00a0\u00bb&gt;Selon Ring Magazine, sa disparition a provoqu\u00e9 <a href=\"https:\/\/x.com\/benjshalom\/status\/1925527124045078911?at_medium=RSS%20feed&amp;at_campaign=ynews&amp;utm_source=yahoo&amp;utm_medium=rss&amp;utm_campaign=news_feed&amp;utm_content=in_article_link\" rel=\"nofollow noopener\" target=\"_blank\" data-ylk=\"slk:une vague d\u2019hommages parmi ses pairs;elm:context_link;itc:0;sec:content-canvas\" class=\"link \">une vague d\u2019hommages parmi ses pairs <\/a>et les amateurs de boxe, qui saluent son courage et sa passion pour le sport malgr\u00e9 la maladie. Son combat, sur et en dehors du ring, restera dans les m\u00e9moires comme un exemple de r\u00e9silience.<\/p>\n<p><a href=\"https:\/\/www.20minutes.fr\/sport\/boxe\/4154993-20250522-royaume-uni-boxeuse-georgia-o-connor-morte-cancer?at_medium=RSS%20feed&amp;at_campaign=ynews&amp;utm_source=yahoo&amp;utm_medium=rss&amp;utm_campaign=news_feed&amp;utm_content=read_more_link\" rel=\"nofollow noopener\" target=\"_blank\" data-ylk=\"slk:Lire la suite sur 20minutes;elm:context_link;itc:0;sec:content-canvas\" class=\"link \">Lire la suite sur 20minutes<\/a><\/p>\n<p>\u00c0 lire aussi :<br \/><a href=\"https:\/\/www.20minutes.fr\/monde\/etats-unis\/4154620-20250521-etats-unis-cancer-joe-biden-bien-diagnostique-semaine-derniere-affirme-equipe?at_medium=RSS%20feed&amp;at_campaign=ynews&amp;utm_source=yahoo&amp;utm_medium=rss&amp;utm_campaign=news_feed&amp;utm_content=related_content_link\" rel=\"nofollow noopener\" target=\"_blank\" data-ylk=\"slk:Etats-Unis : Le cancer de Joe Biden a bien \u00e9t\u00e9 diagnostiqu\u00e9 la semaine derni\u00e8re affirme son \u00e9quipe;elm:context_link;itc:0;sec:content-canvas\" class=\"link \">Etats-Unis : Le cancer de Joe Biden a bien \u00e9t\u00e9 diagnostiqu\u00e9 la semaine derni\u00e8re affirme son \u00e9quipe<\/a><br \/><a href=\"https:\/\/www.20minutes.fr\/sante\/4154389-20250520-etats-unis-premiere-fois-monde-greffe-vessie-realisee-succes?at_medium=RSS%20feed&amp;at_campaign=ynews&amp;utm_source=yahoo&amp;utm_medium=rss&amp;utm_campaign=news_feed&amp;utm_content=related_content_link\" rel=\"nofollow noopener\" target=\"_blank\" data-ylk=\"slk:Etats-Unis : Pour la premi\u00e8re fois au monde, une greffe de vessie a \u00e9t\u00e9 r\u00e9alis\u00e9e avec succ\u00e8s;elm:context_link;itc:0;sec:content-canvas\" class=\"link \">Etats-Unis : Pour la premi\u00e8re fois au monde, une greffe de vessie a \u00e9t\u00e9 r\u00e9alis\u00e9e avec succ\u00e8s<\/a><\/p>\n<p><script async src=\"\/\/www.instagram.com\/embed.js\"><\/script><\/p>\n","protected":false},"excerpt":{"rendered":"Un Combat perdu &#8211; La lutte acharn\u00e9e de la jeune femme contre la maladie, qu\u2019elle a rendue publique,&hellip;\n","protected":false},"author":2,"featured_media":120550,"comment_status":"","ping_status":"","sticky":false,"template":"","format":"standard","meta":{"footnotes":""},"categories":[1588],"tags":[11,1777,674,24235,17307,12,473,1853,1851,1850,1852],"class_list":{"0":"post-120549","1":"post","2":"type-post","3":"status-publish","4":"format-standard","5":"has-post-thumbnail","7":"category-royaume-uni","8":"tag-actualites","9":"tag-eu","10":"tag-europe","11":"tag-georgia-oconnor","12":"tag-jeune-femme","13":"tag-news","14":"tag-royaume-uni","15":"tag-royaume-uni-de-grande-bretagne-et-dirlande-du-nord","16":"tag-uk","17":"tag-united-kingdom","18":"tag-united-kingdom-of-great-britain-and-northern-ireland"},"share_on_mastodon":{"url":"https:\/\/pubeurope.com\/@fr\/114553942401601189","error":""},"_links":{"self":[{"href":"https:\/\/www.europesays.com\/fr\/wp-json\/wp\/v2\/posts\/120549","targetHints":{"allow":["GET"]}}],"collection":[{"href":"https:\/\/www.europesays.com\/fr\/wp-json\/wp\/v2\/posts"}],"about":[{"href":"https:\/\/www.europesays.com\/fr\/wp-json\/wp\/v2\/types\/post"}],"author":[{"embeddable":true,"href":"https:\/\/www.europesays.com\/fr\/wp-json\/wp\/v2\/users\/2"}],"replies":[{"embeddable":true,"href":"https:\/\/www.europesays.com\/fr\/wp-json\/wp\/v2\/comments?post=120549"}],"version-history":[{"count":0,"href":"https:\/\/www.europesays.com\/fr\/wp-json\/wp\/v2\/posts\/120549\/revisions"}],"wp:featuredmedia":[{"embeddable":true,"href":"https:\/\/www.europesays.com\/fr\/wp-json\/wp\/v2\/media\/120550"}],"wp:attachment":[{"href":"https:\/\/www.europesays.com\/fr\/wp-json\/wp\/v2\/media?parent=120549"}],"wp:term":[{"taxonomy":"category","embeddable":true,"href":"https:\/\/www.europesays.com\/fr\/wp-json\/wp\/v2\/categories?post=120549"},{"taxonomy":"post_tag","embeddable":true,"href":"https:\/\/www.europesays.com\/fr\/wp-json\/wp\/v2\/tags?post=120549"}],"curies":[{"name":"wp","href":"https:\/\/api.w.org\/{rel}","templated":true}]}}