{"id":120565,"date":"2025-05-22T23:01:09","date_gmt":"2025-05-22T23:01:09","guid":{"rendered":"https:\/\/www.europesays.com\/fr\/120565\/"},"modified":"2025-05-22T23:01:09","modified_gmt":"2025-05-22T23:01:09","slug":"interpellation-a-auriol-en-lien-avec-une-affaire-judiciaire-a-toulon","status":"publish","type":"post","link":"https:\/\/www.europesays.com\/fr\/120565\/","title":{"rendered":"Interpellation \u00e0 Auriol en lien avec une affaire judiciaire \u00e0 Toulon"},"content":{"rendered":"<p>Interpellation \u00e0 Auriol, un individu transf\u00e9r\u00e9 \u00e0 Toulon pour une enqu\u00eate men\u00e9e par la DITN 83, selon le procureur Samuel Finielz.\n<\/p>\n<p>Interpellation Auriol enqu\u00eate Toulon DITN 83 \u2013 CREDIT : VarActu<\/p>\n<p data-start=\"74\" data-end=\"180\"><strong data-start=\"74\" data-end=\"180\">Un individu interpell\u00e9 \u00e0 Auriol a \u00e9t\u00e9 transf\u00e9r\u00e9 \u00e0 Toulon dans le cadre d\u2019une enqu\u00eate men\u00e9e par la DIPJ<\/strong><\/p>\n<p data-start=\"182\" data-end=\"507\">Un homme a \u00e9t\u00e9 interpell\u00e9 vendredi dernier \u00e0 Toulon puis s\u2019est \u00e9vad\u00e9\u00a0 avant d\u2019\u00eatre arr\u00eat\u00e9 ce matin \u00e0 Auriol, dans les Bouches-du-Rh\u00f4ne, dans le cadre d\u2019une enqu\u00eate judiciaire en cours \u00e0 Toulon. L\u2019information a \u00e9t\u00e9 confirm\u00e9e par Samuel Finielz, procureur de la R\u00e9publique de Toulon.<\/p>\n<p data-start=\"509\" data-end=\"748\">L\u2019arrestation s\u2019est d\u00e9roul\u00e9e en fin de matin\u00e9e, selon les pr\u00e9cisions du procureur. La personne interpell\u00e9e a imm\u00e9diatement \u00e9t\u00e9 plac\u00e9e en garde \u00e0 vue. \u00c0 la suite de cette mesure, elle a \u00e9t\u00e9 transf\u00e9r\u00e9e \u00e0 Toulon, o\u00f9 l\u2019enqu\u00eate est centralis\u00e9e.<\/p>\n<p data-start=\"750\" data-end=\"1074\">C\u2019est la division de la criminalit\u00e9 territoriale de la direction interd\u00e9partementale de la police judiciaire (DITN 83) qui est en charge du dossier. Les suites judiciaires d\u00e9pendront des r\u00e9sultats de la garde \u00e0 vue en cours.<\/p>\n","protected":false},"excerpt":{"rendered":"Interpellation \u00e0 Auriol, un individu transf\u00e9r\u00e9 \u00e0 Toulon pour une enqu\u00eate men\u00e9e par la DITN 83, selon le&hellip;\n","protected":false},"author":2,"featured_media":120566,"comment_status":"","ping_status":"","sticky":false,"template":"","format":"standard","meta":{"footnotes":""},"categories":[1416],"tags":[24134,1011,27,479,1468,60],"class_list":{"0":"post-120565","1":"post","2":"type-post","3":"status-publish","4":"format-standard","5":"has-post-thumbnail","7":"category-rugby","8":"tag-auriol","9":"tag-fr","10":"tag-france","11":"tag-rugby","12":"tag-rugby-football","13":"tag-sports"},"share_on_mastodon":{"url":"https:\/\/pubeurope.com\/@fr\/114553977775327762","error":""},"_links":{"self":[{"href":"https:\/\/www.europesays.com\/fr\/wp-json\/wp\/v2\/posts\/120565","targetHints":{"allow":["GET"]}}],"collection":[{"href":"https:\/\/www.europesays.com\/fr\/wp-json\/wp\/v2\/posts"}],"about":[{"href":"https:\/\/www.europesays.com\/fr\/wp-json\/wp\/v2\/types\/post"}],"author":[{"embeddable":true,"href":"https:\/\/www.europesays.com\/fr\/wp-json\/wp\/v2\/users\/2"}],"replies":[{"embeddable":true,"href":"https:\/\/www.europesays.com\/fr\/wp-json\/wp\/v2\/comments?post=120565"}],"version-history":[{"count":0,"href":"https:\/\/www.europesays.com\/fr\/wp-json\/wp\/v2\/posts\/120565\/revisions"}],"wp:featuredmedia":[{"embeddable":true,"href":"https:\/\/www.europesays.com\/fr\/wp-json\/wp\/v2\/media\/120566"}],"wp:attachment":[{"href":"https:\/\/www.europesays.com\/fr\/wp-json\/wp\/v2\/media?parent=120565"}],"wp:term":[{"taxonomy":"category","embeddable":true,"href":"https:\/\/www.europesays.com\/fr\/wp-json\/wp\/v2\/categories?post=120565"},{"taxonomy":"post_tag","embeddable":true,"href":"https:\/\/www.europesays.com\/fr\/wp-json\/wp\/v2\/tags?post=120565"}],"curies":[{"name":"wp","href":"https:\/\/api.w.org\/{rel}","templated":true}]}}