{"id":120577,"date":"2025-05-22T23:08:08","date_gmt":"2025-05-22T23:08:08","guid":{"rendered":"https:\/\/www.europesays.com\/fr\/120577\/"},"modified":"2025-05-22T23:08:08","modified_gmt":"2025-05-22T23:08:08","slug":"demain-nous-appartient-une-star-de-la-serie-sest-mariee-sublime-dans-sa-somptueuse-robe-blanche","status":"publish","type":"post","link":"https:\/\/www.europesays.com\/fr\/120577\/","title":{"rendered":"Demain nous appartient : une star de la s\u00e9rie s\u2019est mari\u00e9e, sublime dans sa somptueuse robe blanche"},"content":{"rendered":"<p data-start=\"98\" data-end=\"941\">Ce week-end, <a href=\"https:\/\/www.closermag.fr\/tv-tele-realite\/victoire-macon-dauxerre-evoque-l-anorexie-chez-les-hommes-video-589200\" rel=\"nofollow noopener\" target=\"_blank\"><br \/>\nVictoire Dauxerre<\/a>, bien connue des fans de Demain nous appartient pour <strong>son r\u00f4le de<br \/>\nVanessa Lehmann<\/strong>, a troqu\u00e9 les plateaux de tournage pour<br \/>\nune toute autre mise en sc\u00e8ne : celle de <strong>son<br \/>\nmariage<\/strong>. L\u2019actrice a dit oui \u00e0 l\u2019amour de sa vie dans un<br \/>\nd\u00e9cor romantique, v\u00eatue d\u2019une robe blanche \u00e0 couper le souffle.<\/p>\n<p data-start=\"98\" data-end=\"941\">Sur Instagram, elle a partag\u00e9 ce<br \/>\nmoment de bonheur avec ses abonn\u00e9s, d\u00e9voilant <strong>quelques<br \/>\nclich\u00e9s<\/strong> aussi tendres que glamours. \u00ab\u00a0Always Forever<br \/>\n<strong>#happiestdayofmylife<\/strong>\u00ab\u00a0, a-t-elle \u00e9crit en<br \/>\nl\u00e9gende. Parmi les premiers \u00e0 liker et commenter, ses coll\u00e8gues de<br \/>\nla s\u00e9rie n\u2019ont pas manqu\u00e9 de lui adresser leurs f\u00e9licitations.<br \/>\n<a href=\"https:\/\/www.telestar.fr\/serie_tv\/interview-charlie-nune-demain-nous-appartient-je-nai-pas-les-memes-valeurs-que-soizic-1712453\" rel=\"nofollow noopener\" target=\"_blank\"><br \/>\nCharlie Nune<\/a> (Soizic dans DNA) s\u2019est enthousiasm\u00e9e : \u00ab\u00a0F\u00e9licitations ma<br \/>\npoulette !!!!!\u00a0\u00bb. Une pluie de c\u0153urs pour un mariage qui en a<br \/>\nmis plein les yeux.<\/p>\n<p>Une mari\u00e9e sublime et un<br \/>\nbonheur contagieux<\/p>\n<p data-start=\"997\" data-end=\"1749\">Avant de partager son union,<br \/>\nVictoire Dauxerre avait d\u00e9j\u00e0 offert \u00e0 ses fans un aper\u00e7u festif de<br \/>\n<strong>son enterrement de vie de jeune fille<\/strong>, ambiance<br \/>\njoyeuse garantie ! Le jour J, elle est apparue resplendissante dans<br \/>\nune robe blanche \u00e9l\u00e9gante qui mettait en valeur sa silhouette<br \/>\ngracile, soulign\u00e9e par des d\u00e9tails raffin\u00e9s.<\/p>\n<p data-start=\"997\" data-end=\"1749\">Son compagnon, connu sous le<br \/>\npseudo \u00ab\u00a0Charles-Am\u00e9d\u00e9e CdeB\u00a0\u00bb, affichait <strong>un look tout aussi<br \/>\nclasse<\/strong> avec ses cheveux poivre et sel, apportant une<br \/>\ntouche de charme \u00e0 leur duo de r\u00eave. Ensemble, ils ont captur\u00e9<br \/>\nl\u2019essence m\u00eame de l\u2019amour simple et sinc\u00e8re. Plusieurs stars de<br \/>\n<a href=\"https:\/\/www.closermag.fr\/tv_tele_realite\/demain-nous-appartient-un-animateur-star-de-tf1-va-venir-tout-chambouler-a-sete-3547678\" rel=\"nofollow noopener\" target=\"_blank\"><br \/>\nDemain nous<br \/>\nappartient<\/a> ont comment\u00e9 avec tendresse et bienveillance.<br \/>\nUne vraie famille de fiction qui se r\u00e9jouit pour l\u2019une des siennes,<br \/>\nloin des intrigues de S\u00e8te.<\/p>\n<blockquote class=\"instagram-media\" style=\"background: #ffffff;border: 0;margin: 1px;width: 100%;padding: 0;max-width: 500px;\" data-instgrm-permalink=\"https:\/\/www.instagram.com\/p\/DJ6yiMAoIyL\/?utm_source=ig_embed\" data-instgrm-version=\"14\"\/><p>\nUne<br \/>\nactrice amoureuse et \u00e9panouie<\/p>\n<p data-start=\"1795\" data-end=\"2610\" data-is-last-node=\"\" data-is-only-node=\"\">Victoire Dauxerre, qui avait quitt\u00e9 la s\u00e9rie<br \/>\nen mars dernier apr\u00e8s <strong>une sc\u00e8ne bouleversante<\/strong> de<br \/>\nretrouvailles entre Vanessa et son fils Lucien, semble savourer<br \/>\npleinement cette nouvelle \u00e9tape de vie. \u00ab\u00a0Pour l\u2019instant, un<br \/>\nretour n\u2019est pas pr\u00e9vu. Je ne suis en tout cas au courant de<br \/>\nrien\u00a0\u00bb, confiait-elle r\u00e9cemment, pr\u00e9f\u00e9rant savourer le moment<br \/>\npr\u00e9sent.<\/p>\n<p data-start=\"1795\" data-end=\"2610\" data-is-last-node=\"\" data-is-only-node=\"\">Sur son second compte Instagram d\u00e9di\u00e9 au<br \/>\nbien-\u00eatre, l\u2019actrice ne tarit pas d\u2019\u00e9loges sur celui qui partage<br \/>\nd\u00e9sormais sa vie. \u00ab\u00a0<strong>L\u2019amour est un voyage<\/strong>, une<br \/>\naventure au quotidien (&#8230;) Je ne pouvais r\u00eaver mieux que toi pour<br \/>\nnaviguer en eaux claires comme en eaux troubles\u00a0\u00bb,<br \/>\n\u00e9crivait-elle en 2023. <strong>Une relation intense<\/strong> et<br \/>\npo\u00e9tique qu\u2019elle a d\u00e9sormais scell\u00e9e devant ses proches.<br \/>\nDemain nous appartient\u2026<br \/>\nmais pour Victoire Dauxerre, l\u2019avenir se conjugue d\u00e9sormais \u00e0<br \/>\ndeux.<\/p>\n<p><script async src=\"\/\/www.instagram.com\/embed.js\"><\/script><\/p>\n","protected":false},"excerpt":{"rendered":"Ce week-end, Victoire Dauxerre, bien connue des fans de Demain nous appartient pour son r\u00f4le de Vanessa Lehmann,&hellip;\n","protected":false},"author":2,"featured_media":120578,"comment_status":"","ping_status":"","sticky":false,"template":"","format":"standard","meta":{"footnotes":""},"categories":[1359],"tags":[548,3598,58,59,1011,27,973],"class_list":{"0":"post-120577","1":"post","2":"type-post","3":"status-publish","4":"format-standard","5":"has-post-thumbnail","7":"category-people","8":"tag-article-simple","9":"tag-demain-nous-appartient","10":"tag-divertissement","11":"tag-entertainment","12":"tag-fr","13":"tag-france","14":"tag-people"},"share_on_mastodon":{"url":"https:\/\/pubeurope.com\/@fr\/114554005336300463","error":""},"_links":{"self":[{"href":"https:\/\/www.europesays.com\/fr\/wp-json\/wp\/v2\/posts\/120577","targetHints":{"allow":["GET"]}}],"collection":[{"href":"https:\/\/www.europesays.com\/fr\/wp-json\/wp\/v2\/posts"}],"about":[{"href":"https:\/\/www.europesays.com\/fr\/wp-json\/wp\/v2\/types\/post"}],"author":[{"embeddable":true,"href":"https:\/\/www.europesays.com\/fr\/wp-json\/wp\/v2\/users\/2"}],"replies":[{"embeddable":true,"href":"https:\/\/www.europesays.com\/fr\/wp-json\/wp\/v2\/comments?post=120577"}],"version-history":[{"count":0,"href":"https:\/\/www.europesays.com\/fr\/wp-json\/wp\/v2\/posts\/120577\/revisions"}],"wp:featuredmedia":[{"embeddable":true,"href":"https:\/\/www.europesays.com\/fr\/wp-json\/wp\/v2\/media\/120578"}],"wp:attachment":[{"href":"https:\/\/www.europesays.com\/fr\/wp-json\/wp\/v2\/media?parent=120577"}],"wp:term":[{"taxonomy":"category","embeddable":true,"href":"https:\/\/www.europesays.com\/fr\/wp-json\/wp\/v2\/categories?post=120577"},{"taxonomy":"post_tag","embeddable":true,"href":"https:\/\/www.europesays.com\/fr\/wp-json\/wp\/v2\/tags?post=120577"}],"curies":[{"name":"wp","href":"https:\/\/api.w.org\/{rel}","templated":true}]}}