{"id":120581,"date":"2025-05-22T23:10:09","date_gmt":"2025-05-22T23:10:09","guid":{"rendered":"https:\/\/www.europesays.com\/fr\/120581\/"},"modified":"2025-05-22T23:10:09","modified_gmt":"2025-05-22T23:10:09","slug":"reynes-magdalena-une-autrice-se-livre-a-lecole","status":"publish","type":"post","link":"https:\/\/www.europesays.com\/fr\/120581\/","title":{"rendered":"Reyn\u00e8s. Magdalena, une autrice se livre \u00e0 l\u2019\u00e9cole"},"content":{"rendered":"<p>La chevelure d\u2019un noir d\u2019\u00e9b\u00e8ne, anorak orange et imperm\u00e9able argent\u00e9, \u00ab\u00a0au cas o\u00f9 il pleuvrait\u00a0\u00bb, Magdalena entre dans la classe du CE de Julie Companyo. Les \u00e9l\u00e8ves sont impressionn\u00e9s, sages comme des images\u2026 Cette dame est une \u00e9crivaine, une autrice et elle \u00e9crit des livres pour enfants. Au tableau, une guirlande de c\u0153urs multicolores l\u2019accueille en d\u00e9roulant les lettres de son nom. Magdalena appr\u00e9cie : \u00a0\u00bb J\u2019adore les c\u0153urs\u00a0\u00bb.<\/p>\n<p><b>\u00ab\u00a0Comment on fait un livre ?\u00a0\u00bb<\/b><\/p>\n<p>\u00c0 partir des questions que les \u00e9l\u00e8ves ont pr\u00e9par\u00e9es, elle retrace l\u2019histoire de sa passion. \u00ab\u00a0J\u2019\u00e9cris tout le temps, partout, depuis toute petite. Et l\u2019avantage de ce m\u00e9tier, c\u2019est que quand je serai vieille, je pourrai encore \u00e9crire. Mon vrai m\u00e9tier, c\u2019\u00e9tait ma\u00eetresse de CP, j\u2019adorai apprendre \u00e0 lire [\u2026] Je ne pourrais pas vivre sans lire. J\u2019aimerais me laisser enfermer dans une biblioth\u00e8que, je n\u2019ai jamais r\u00e9ussi\u2026 J\u2019ai \u00e9crit plus de 140 livres depuis le tout premier, Une histoire \u00e0 faire peur\u00a0\u00bb. Magdalena explique alors \u00ab\u00a0comment on fait un livre\u00a0\u00bb. De la cr\u00e9ation dans sa t\u00eate \u00e0 la transcription sur papier et aux \u00e9tapes de la conception en passant par le travail de l\u2019illustrateur. Elle raconte son enfance silencieuse o\u00f9, comme Ona, la petite fille de son livre Le cheval dans le cerisier, elle parlait peu, \u00ab\u00a0sauf dans ma t\u00eate, qui \u00e9tait une marmite, un vrai volcan\u00a0\u00bb, son journal intime, ses po\u00e8mes d\u2019adolescente\u2026 \u00ab\u00a0Je n\u2019\u00e9tais pas bonne en orthographe, alors profitez bien de votre ma\u00eetresse, apr\u00e8s, il n\u2019y a plus personne\u2026\u00a0\u00bb. Magdalena entreprend de lire \u00e0 haute voix Une dr\u00f4le d\u2019histoire de princesses et de chevaliers. Elle sollicite ensuite les \u00e9l\u00e8ves pour choisir des odeurs, des parfums, dont la liste s\u2019allonge au tableau. \u00ab\u00a0J\u2019en choisirai 12 ou 24 pour \u00e9crire un livre, selon la mise en page\u00a0\u00bb.<\/p>\n<p>Elle distribue \u00e0 chacun des marque-pages, lorgnant avec impatience vers la pochette-surprise que les \u00e9l\u00e8ves ont pr\u00e9vue pour elle\u2026 Elle a enfin le droit de l\u2019ouvrir. Outre des dessins c\u0153urs, toujours, elle d\u00e9couvre une corbeille garnie qui lui met l\u2019eau \u00e0 la bouche. \u00ab\u00a0Je suis gourmande et j\u2019adore le chocolat\u00a0\u00bb. La s\u00e9ance se termine, moment de complicit\u00e9, d\u2019\u00e9changes et de bonheur.<\/p>\n","protected":false},"excerpt":{"rendered":"La chevelure d\u2019un noir d\u2019\u00e9b\u00e8ne, anorak orange et imperm\u00e9able argent\u00e9, \u00ab\u00a0au cas o\u00f9 il pleuvrait\u00a0\u00bb, Magdalena entre dans&hellip;\n","protected":false},"author":2,"featured_media":120582,"comment_status":"","ping_status":"","sticky":false,"template":"","format":"standard","meta":{"footnotes":""},"categories":[1357],"tags":[1379,58,59,1011,27,1380],"class_list":{"0":"post-120581","1":"post","2":"type-post","3":"status-publish","4":"format-standard","5":"has-post-thumbnail","7":"category-livres","8":"tag-books","9":"tag-divertissement","10":"tag-entertainment","11":"tag-fr","12":"tag-france","13":"tag-livres"},"share_on_mastodon":{"url":"https:\/\/pubeurope.com\/@fr\/114554013306637182","error":""},"_links":{"self":[{"href":"https:\/\/www.europesays.com\/fr\/wp-json\/wp\/v2\/posts\/120581","targetHints":{"allow":["GET"]}}],"collection":[{"href":"https:\/\/www.europesays.com\/fr\/wp-json\/wp\/v2\/posts"}],"about":[{"href":"https:\/\/www.europesays.com\/fr\/wp-json\/wp\/v2\/types\/post"}],"author":[{"embeddable":true,"href":"https:\/\/www.europesays.com\/fr\/wp-json\/wp\/v2\/users\/2"}],"replies":[{"embeddable":true,"href":"https:\/\/www.europesays.com\/fr\/wp-json\/wp\/v2\/comments?post=120581"}],"version-history":[{"count":0,"href":"https:\/\/www.europesays.com\/fr\/wp-json\/wp\/v2\/posts\/120581\/revisions"}],"wp:featuredmedia":[{"embeddable":true,"href":"https:\/\/www.europesays.com\/fr\/wp-json\/wp\/v2\/media\/120582"}],"wp:attachment":[{"href":"https:\/\/www.europesays.com\/fr\/wp-json\/wp\/v2\/media?parent=120581"}],"wp:term":[{"taxonomy":"category","embeddable":true,"href":"https:\/\/www.europesays.com\/fr\/wp-json\/wp\/v2\/categories?post=120581"},{"taxonomy":"post_tag","embeddable":true,"href":"https:\/\/www.europesays.com\/fr\/wp-json\/wp\/v2\/tags?post=120581"}],"curies":[{"name":"wp","href":"https:\/\/api.w.org\/{rel}","templated":true}]}}