{"id":120587,"date":"2025-05-22T23:13:09","date_gmt":"2025-05-22T23:13:09","guid":{"rendered":"https:\/\/www.europesays.com\/fr\/120587\/"},"modified":"2025-05-22T23:13:09","modified_gmt":"2025-05-22T23:13:09","slug":"faut-il-aller-voir-ce-film-presente-en-ouverture-au-festival-de-cannes","status":"publish","type":"post","link":"https:\/\/www.europesays.com\/fr\/120587\/","title":{"rendered":"faut-il aller voir ce film pr\u00e9sent\u00e9 en ouverture au festival de Cannes\u00a0?"},"content":{"rendered":"<p>            Par<br \/>\n        <strong><br \/>\n            <a href=\"https:\/\/actu.fr\/auteur\/redaction-toulouse\" title=\"Consulter tous les articles de R\u00e9daction de Toulouse\" rel=\"nofollow noopener\" target=\"_blank\">R\u00e9daction de Toulouse<\/a><br \/>\n        <\/strong><\/p>\n<p>        Publi\u00e9 le<\/p>\n<p>            22 mai 2025 \u00e0 20h26        <\/p>\n<p>C\u00e9cile va ouvrir son restaurant gastronomique \u00e0 Paris avec son ami Sofiane, cuisinier \u00e9galement. La date fatidique et attendue arrive en m\u00eame temps qu\u2019une mauvaise nouvelle. Son p\u00e8re, G\u00e9rard, qui tient un Relais routier avec sa m\u00e8re Fanfan, vient d\u2019avoir un \u00e9ni\u00e8me infarctus. C\u00e9cile quitte tout et se pr\u00e9cipite aider ses parents.<\/p>\n<p class=\" wall-content\">C\u2019est l\u00e0 qu\u2019elle va retrouver Rapha\u00ebl, <strong>un ami de jeunesse dont les sentiments l\u2019un vers l\u2019autre n\u2019ont finalement jamais \u00e9taient clairement expos\u00e9s<\/strong>. Lui est \u00e0 pr\u00e9sent mari\u00e9 et papa d\u2019un adorable bambin. Mais certains souvenirs sont apparemment pour nos deux trentenaires difficiles \u00e0 effacer. Alors que Sofiane s\u2019invite dans le d\u00e9bat en venant \u00e0 l\u2019improviste aider \u00e0 la cuisine du Relais routier, une nouvelle semi-dramatique vient compliquer cette Carte du Tendre d\u00e9cid\u00e9ment bien tortueuse.<\/p>\n<p>Casting de haute vol\u00e9e<\/p>\n<p class=\" wall-content\">Allez, ne tournons pas autour du pot, le sc\u00e9nario n\u2019a rien de tr\u00e8s original. Son traitement l\u2019est bien plus. Gr\u00e2ce \u00e0 un casting de haute vol\u00e9e, Am\u00e9lie Bonnin fait de ce film qui pourrait ressembler \u00e0 une com\u00e9die musicale un vrai film\u2026 musical. Pourquoi l\u2019un et pas l\u2019autre ? En fait la r\u00e9alisatrice va puiser dans tout un r\u00e9pertoire qui convoque Michel Delpech, Claude Nougaro, Dalida, C\u00e9line Dion, etc., r\u00e9pertoire qu\u2019elle fait chanter par les acteurs eux-m\u00eames, pour illustrer musicalement certains moments cl\u00e9s du sc\u00e9nario. Et c\u2019est plut\u00f4t r\u00e9ussi.<\/p>\n<p>Tout sonne juste<\/p>\n<p class=\" wall-content\">Un exemple ? Dominique Blanc chantant Paroles, Paroles de Dalida alors qu\u2019elle est assise au volant d\u2019un magnifique camping-car tout neuf qui n\u2019aura jamais d\u00e9marr\u00e9 car la vie de restaurateur dans un Relais routier ne le permet simplement pas. Ce film tient donc surtout par ses interpr\u00e8tes, depuis Fran\u00e7ois Rollin (G\u00e9rard) et Dominique Blanc (Fanfan incroyable de justesse de ton et d\u2019\u00e9motion \u2013 l\u2019\u00e9cole de la Com\u00e9die fran\u00e7aise, quand m\u00eame\u2026), en passant par l\u2019impeccable Sofiane de Tewfik Jallab, tout sonne miraculeusement juste, jusqu\u2019au duo en t\u00eate d\u2019affiche : Juliette Armanet (C\u00e9cile) et le charismatique Rapha\u00ebl de Bastien Bouillon, un acteur dont le moindre regard ou le moindre sourire portent ici les stigmates d\u2019un regret \u00e9ternel et \u2026d\u2019un formidable talent.<\/p>\n<p class=\" wall-content\">Ce premier long, sans r\u00e9volutionner le cin\u00e9ma, est plein d\u2019\u00e9nergie et de promesses \u00e0 venir.<\/p>\n<p>Vid\u00e9os : en ce moment sur Actu<\/p>\n<p class=\" wall-content\"><strong>Robert P\u00e9navayre<\/strong><\/p>\n<p class=\" wall-content\">Suivez toute l\u2019actualit\u00e9 de vos villes et m\u00e9dias favoris en vous inscrivant \u00e0 <a href=\"https:\/\/moncompte.actu.fr\" title=\"D\u00e9couvez Mon Actu\" rel=\"nofollow noopener\" data-trk=\"{&quot;cta&quot;:{&quot;action&quot;:&quot;https:\\\/\\\/moncompte.actu.fr&quot;,&quot;category&quot;:&quot;mon compte&quot;,&quot;from&quot;:&quot;article footer&quot;,&quot;name&quot;:&quot;Mon actu&quot;,&quot;type&quot;:&quot;cta&quot;}}\" target=\"_blank\">Mon Actu<\/a>.<\/p>\n","protected":false},"excerpt":{"rendered":"Par R\u00e9daction de Toulouse Publi\u00e9 le 22 mai 2025 \u00e0 20h26 C\u00e9cile va ouvrir son restaurant gastronomique \u00e0&hellip;\n","protected":false},"author":2,"featured_media":120588,"comment_status":"","ping_status":"","sticky":false,"template":"","format":"standard","meta":{"footnotes":""},"categories":[1354],"tags":[650,58,59,1346,1011,27,1652,1360],"class_list":{"0":"post-120587","1":"post","2":"type-post","3":"status-publish","4":"format-standard","5":"has-post-thumbnail","7":"category-films","8":"tag-cinema","9":"tag-divertissement","10":"tag-entertainment","11":"tag-films","12":"tag-fr","13":"tag-france","14":"tag-loisirs-culture","15":"tag-movies"},"share_on_mastodon":{"url":"https:\/\/pubeurope.com\/@fr\/114554025143238607","error":""},"_links":{"self":[{"href":"https:\/\/www.europesays.com\/fr\/wp-json\/wp\/v2\/posts\/120587","targetHints":{"allow":["GET"]}}],"collection":[{"href":"https:\/\/www.europesays.com\/fr\/wp-json\/wp\/v2\/posts"}],"about":[{"href":"https:\/\/www.europesays.com\/fr\/wp-json\/wp\/v2\/types\/post"}],"author":[{"embeddable":true,"href":"https:\/\/www.europesays.com\/fr\/wp-json\/wp\/v2\/users\/2"}],"replies":[{"embeddable":true,"href":"https:\/\/www.europesays.com\/fr\/wp-json\/wp\/v2\/comments?post=120587"}],"version-history":[{"count":0,"href":"https:\/\/www.europesays.com\/fr\/wp-json\/wp\/v2\/posts\/120587\/revisions"}],"wp:featuredmedia":[{"embeddable":true,"href":"https:\/\/www.europesays.com\/fr\/wp-json\/wp\/v2\/media\/120588"}],"wp:attachment":[{"href":"https:\/\/www.europesays.com\/fr\/wp-json\/wp\/v2\/media?parent=120587"}],"wp:term":[{"taxonomy":"category","embeddable":true,"href":"https:\/\/www.europesays.com\/fr\/wp-json\/wp\/v2\/categories?post=120587"},{"taxonomy":"post_tag","embeddable":true,"href":"https:\/\/www.europesays.com\/fr\/wp-json\/wp\/v2\/tags?post=120587"}],"curies":[{"name":"wp","href":"https:\/\/api.w.org\/{rel}","templated":true}]}}