{"id":120593,"date":"2025-05-22T23:16:08","date_gmt":"2025-05-22T23:16:08","guid":{"rendered":"https:\/\/www.europesays.com\/fr\/120593\/"},"modified":"2025-05-22T23:16:08","modified_gmt":"2025-05-22T23:16:08","slug":"vincent-lagaf-reste-chez-rmc-lenorme-cheque-quil-a-refuse-de-la-part-de-tf1-pour-le-bigdil","status":"publish","type":"post","link":"https:\/\/www.europesays.com\/fr\/120593\/","title":{"rendered":"Vincent Lagaf\u2019 reste chez RMC : l\u2019\u00e9norme ch\u00e8que qu\u2019il a refus\u00e9 de la part de TF1 pour le \u00ab\u00a0Bigdil\u00a0\u00bb"},"content":{"rendered":"<p>De 1998 \u00e0 2004, <a href=\"https:\/\/vsd.fr\/tag\/vincent-lagaf\/\" target=\"_blank\" rel=\"noopener\">Vincent Lagaf\u2019<\/a> a v\u00e9cu une belle histoire d\u2019amour avec TF1 gr\u00e2ce au <strong>\u00ab\u00a0Bigdil\u00a0\u00bb<\/strong>. N\u00e9anmoins, plus de 20 ans plus tard, l\u2019histoire d\u2019amour entre l\u2019animateur et la cha\u00eene semble bel et bien termin\u00e9e. Notamment depuis que RMC lui fait confiance.<\/p>\n<p>La preuve de cette confiance \u00ab\u00a0presque aveugle\u00a0\u00bb ? Le programme relanc\u00e9 au d\u00e9but d\u2019ann\u00e9e 2025 par la cha\u00eene. En effet, en janvier 2025, l\u2019animateur de 65 ans a fait un retour, attendu par de nombreux t\u00e9l\u00e9spectateurs, avec le <strong>\u00ab\u00a0Bigdil\u00a0\u00bb<\/strong>. Et m\u00eame 20 ans apr\u00e8s l\u2019arr\u00eat du programme, <strong>le public se montrait au rendez-vous.<\/strong><\/p>\n<p>Chacun des \u00e9pisodes a enregistr\u00e9 <a href=\"https:\/\/www.public.fr\/vincent-lagaf-les-derniers-resultats-ne-sont-pas-bons-linquietude-est-immense\" target=\"_blank\" rel=\"noopener\">un carton d\u2019audience<\/a>. Un succ\u00e8s qui a permis \u00e0 RMC et Vincent Lagaf\u2019 de repartir pour une deuxi\u00e8me \u00ab\u00a0salve\u00a0\u00bb. Et pourtant, l\u2019animateur aurait pu lancer une nouvelle vague du <strong>\u00ab\u00a0Bigdil\u00a0\u00bb<\/strong> nouvelle version,\u2026 sur TF1.<\/p>\n<p>Vincent Lagaf&rsquo;, en confiance et \u00e9panoui chez RMC<\/p>\n<p>En effet, <a href=\"https:\/\/www.leparisien.fr\/culture-loisirs\/tv\/jai-une-fierte-un-honneur-pourquoi-vincent-lagaf-a-refuse-le-pont-dor-de-tf-1-pour-le-bigdil-22-05-2025-CODOSX2GWNEHDDJYHH72DR5J3I.php?ts=1747938341400\" target=\"_blank\" rel=\"noopener\">dans un entretien accord\u00e9 au Parisien<\/a>, ce jeudi 22 mai 2025,<a href=\"https:\/\/www.public.fr\/vincent-lagaf-tres-sollicite-par-la-concurrence-son-salaire-bien-revalorise\" target=\"_blank\" rel=\"noopener\"> le pr\u00e9sentateur a r\u00e9v\u00e9l\u00e9 avoir \u00e9t\u00e9 approch\u00e9<\/a> par la Une pour tenter de le rapatrier sur le groupe. Une proposition qu\u2019il a refus\u00e9e, pr\u00e9f\u00e9rant faire confiance aux \u00e9quipes avec qui il collabore depuis quelques ann\u00e9es \u00e0 pr\u00e9sent.\u00a0<\/p>\n<p>\u00ab\u00a0St\u00e9phane Sall\u00e9 de Chou et Julien Lalande\u00a0(le directeur des programmes de la cha\u00eene)\u00a0se sont dit que comme ils m\u2019avaient sur leur cha\u00eene o\u00f9 je pr\u00e9sente \u00ab SOS Garage \u00bb et que j\u2019avais anim\u00e9 pendant 12 ans sur TF1 un jeu aux audiences in\u00e9gal\u00e9es, ce serait con de ne pas relancer \u00ab Le Bigdil \u00bb, se souvient Vincent Lagaf&rsquo;.<\/p>\n<p>Et le carton d&rsquo;audience affich\u00e9 par le c\u00e9l\u00e8bre jeu a visiblement motiv\u00e9 certaines cha\u00eenes \u00e0 tenter de le d\u00e9baucher : \u00ab\u00a0Quand les autres ont vu le carton d\u2019audience, ils se sont dit : \u2018Merde, c\u2019est chez nous que c\u2019est n\u00e9 et \u00e7a nous passe sur le nez\u2019. <strong>TF1 a fait des propositions<\/strong>. Un autre groupe aussi\u2026\u00a0\u00bb, r\u00e9v\u00e8le Vincent Lagaf\u2019 au Parisien.\u00a0<\/p>\n<p>TF1 a propos\u00e9 \u00ab\u00a0le double\u00a0\u00bb de RMC<\/p>\n<p>Son \u00e9go \u00ab\u00a0satisfait\u00a0\u00bb en apprenant que TF1 souhaitait son retour, il \u00e9tait pourtant hors de question pour lui d\u2019accepter une telle proposition : <strong>\u00ab\u00a0j\u2019ai une fiert\u00e9, un honneur\u00a0\u00bb.<\/strong> \u00ab\u00a0Je ne me voyais pas dire \u00e0 RMC Story \u2018merci mais maintenant je vais \u00e0 c\u00f4t\u00e9 car il y a plus de pognon\u2019. J\u2019aurais eu du mal \u00e0 me regarder dans un miroir\u00a0\u00bb, assure Vincent Lagaf\u2019.<\/p>\n<p>Mais au final, quelle somme TF1 a-t-elle propos\u00e9 pour tenter de se rattacher les services de son ancien pr\u00e9sentateur phare ?<\/p>\n<p>\u00ab\u00a0<strong>Le double<\/strong>. Je suis alors all\u00e9 voir St\u00e9phane, \u00e7a a \u00e9t\u00e9 r\u00e9gl\u00e9 en huit minutes. Je lui ai dit : \u2018TF1 me propose tant. Vois ce que tu peux faire mais, quelle que soit ta r\u00e9ponse, je resterai chez toi\u2019\u00a0\u00bb, confie le pr\u00e9sentateur du <strong>\u00ab\u00a0Bigdil\u00a0\u00bb<\/strong> d\u00e9termin\u00e9 \u00e0 l\u2019id\u00e9e de collaborer avec RMC le plus longtemps possible.\u00a0<\/p>\n<p>Au cous du m\u00eame entretien, le pr\u00e9senteur a d&rsquo;ailleurs annonc\u00e9 avoir sign\u00e9 un nouveau contrat. Au d\u00e9part, la cha\u00eene lui avait propos\u00e9 un contrat de 3 ans. Mais apr\u00e8s l&rsquo;approche de TF1, \u00ab\u00a0Nicolas de Tavernost, ancien patron de BFMTV-RMC, est arriv\u00e9 dans les tractations et a propos\u00e9 de me donner un peu plus mais \u00e0 la condition de signer une ann\u00e9e de plus\u00a0\u00bb.<\/p>\n<p>      Mentionn\u00e9s dans cet article<\/p>\n<p>\u00c0 lire aussi<\/p>\n","protected":false},"excerpt":{"rendered":"De 1998 \u00e0 2004, Vincent Lagaf\u2019 a v\u00e9cu une belle histoire d\u2019amour avec TF1 gr\u00e2ce au \u00ab\u00a0Bigdil\u00a0\u00bb. N\u00e9anmoins,&hellip;\n","protected":false},"author":2,"featured_media":120594,"comment_status":"","ping_status":"","sticky":false,"template":"","format":"standard","meta":{"footnotes":""},"categories":[8],"tags":[58,59,1011,27,24200,10319,199,24201],"class_list":{"0":"post-120593","1":"post","2":"type-post","3":"status-publish","4":"format-standard","5":"has-post-thumbnail","7":"category-divertissement","8":"tag-divertissement","9":"tag-entertainment","10":"tag-fr","11":"tag-france","12":"tag-le-bigdil","13":"tag-rmc","14":"tag-tf1","15":"tag-vincent-lagaf"},"share_on_mastodon":{"url":"https:\/\/pubeurope.com\/@fr\/114554036841463184","error":""},"_links":{"self":[{"href":"https:\/\/www.europesays.com\/fr\/wp-json\/wp\/v2\/posts\/120593","targetHints":{"allow":["GET"]}}],"collection":[{"href":"https:\/\/www.europesays.com\/fr\/wp-json\/wp\/v2\/posts"}],"about":[{"href":"https:\/\/www.europesays.com\/fr\/wp-json\/wp\/v2\/types\/post"}],"author":[{"embeddable":true,"href":"https:\/\/www.europesays.com\/fr\/wp-json\/wp\/v2\/users\/2"}],"replies":[{"embeddable":true,"href":"https:\/\/www.europesays.com\/fr\/wp-json\/wp\/v2\/comments?post=120593"}],"version-history":[{"count":0,"href":"https:\/\/www.europesays.com\/fr\/wp-json\/wp\/v2\/posts\/120593\/revisions"}],"wp:featuredmedia":[{"embeddable":true,"href":"https:\/\/www.europesays.com\/fr\/wp-json\/wp\/v2\/media\/120594"}],"wp:attachment":[{"href":"https:\/\/www.europesays.com\/fr\/wp-json\/wp\/v2\/media?parent=120593"}],"wp:term":[{"taxonomy":"category","embeddable":true,"href":"https:\/\/www.europesays.com\/fr\/wp-json\/wp\/v2\/categories?post=120593"},{"taxonomy":"post_tag","embeddable":true,"href":"https:\/\/www.europesays.com\/fr\/wp-json\/wp\/v2\/tags?post=120593"}],"curies":[{"name":"wp","href":"https:\/\/api.w.org\/{rel}","templated":true}]}}