{"id":120599,"date":"2025-05-22T23:19:08","date_gmt":"2025-05-22T23:19:08","guid":{"rendered":"https:\/\/www.europesays.com\/fr\/120599\/"},"modified":"2025-05-22T23:19:08","modified_gmt":"2025-05-22T23:19:08","slug":"un-avion-se-retrouve-pris-dans-une-violente-tempete-de-grele","status":"publish","type":"post","link":"https:\/\/www.europesays.com\/fr\/120599\/","title":{"rendered":"un avion se retrouve pris dans une violente temp\u00eate de gr\u00eale"},"content":{"rendered":"<p>Un appareil de la compagnie a\u00e9rienne IndiGo a \u00e9t\u00e9 pris dans des turbulences sur le vol qui reliait New Delhi \u00e0 Srinagar, en Inde, ce mercredi. Si le nez de l\u2019avion a \u00e9t\u00e9 endommag\u00e9, les passagers sont toutefois sains et saufs.<\/p>\n<p class=\"fig-paragraph\">Les passagers du vol IndiGo 6E2142 ont eu une peur bleue mercredi soir. L\u2019avion de la compagnie a\u00e9rienne, qui transportait 227 passagers de\u00a0<a href=\"http:\/\/www.lefigaro.fr\/international\/inde-pakistan-les-deux-pays-ont-convenu-d-un-cessez-le-feu-immediat-et-total-annonce-trump-20250510\" target=\"_blank\" data-fig-type=\"NewsFlash\" rel=\"noopener nofollow\" data-gtm-custom-categorie=\"navigation\" data-gtm-custom-action=\"crossclick\" data-gtm-custom-label=\"Contextuel\" data-gtm-event=\"customEventSPE\" data-fig-domain=\"LEFIGARO\">New Delhi<\/a>\u00a0\u00e0\u00a0<a href=\"https:\/\/www.lefigaro.fr\/international\/srinagar-capitale-fantome-du-cachemire-20190822\" target=\"_blank\" data-fig-type=\"Article\" rel=\"noopener nofollow\" data-gtm-custom-categorie=\"navigation\" data-gtm-custom-action=\"crossclick\" data-gtm-custom-label=\"Contextuel\" data-gtm-event=\"customEventSPE\" data-fig-domain=\"LEFIGARO\">Srinagar<\/a>, a \u00e9t\u00e9 pris dans de violentes turbulences \u00e0 l\u2019approche de sa destination. Une temp\u00eate de gr\u00eale a frapp\u00e9 l\u2019appareil de plein fouet pendant pr\u00e8s de cinq minutes, aux alentours de 18h30 heures locale (12h30 heure fran\u00e7aise).<\/p>\n<p class=\"fig-paragraph\">Plusieurs vid\u00e9os virales sur les r\u00e9seaux sociaux ont relay\u00e9 les sc\u00e8nes de chaos dans l\u2019avion, o\u00f9 les puissantes secousses ont provoqu\u00e9 de nombreux cris chez les voyageurs. \u00abJ\u2019\u00e9tais plut\u00f4t serein (au d\u00e9part du vol car) je voyage souvent dans diff\u00e9rentes parties du monde et j\u2019ai entendu parler de turbulences en vol\u00bb, a t\u00e9moign\u00e9 Sheikh Samiuallah, un passager de l\u2019avion, aupr\u00e8s de\u00a0<a href=\"https:\/\/www.newindianexpress.com\/cities\/delhi\/2025\/May\/21\/we-thought-this-would-be-the-last-flight-of-our-lives-passenger-on-hail-hit-indigo-flight\" target=\"_blank\" rel=\"nofollow noopener\" data-gtm-custom-categorie=\"navigation\" data-gtm-custom-action=\"crossclick\" data-gtm-custom-label=\"Contextuel\" data-gtm-event=\"customEventSPE\">The New Indian Express<\/a> . Mais l\u2019homme d\u2019affaires d\u00e9crit l\u2019averse de gr\u00eale comme \u00abl\u2019exp\u00e9rience la plus traumatisante de ma vie\u00bb. \u00abJe pensais vraiment que ce serait mon dernier vol\u00bb, affirme-t-il, avant de d\u00e9crire en d\u00e9tail la panique g\u00e9n\u00e9rale.<\/p>\n<p class=\"fig-paragraph\">\u00abOn voyait des \u00e9clairs \u00e0 travers tous les hublots. Une couleur jaun\u00e2tre fonc\u00e9e enveloppait l\u2019avion, qui montait et descendait. (&#8230;) On avait l\u2019impression d\u2019\u00eatre sur des montagnes russes. (&#8230;) Tout le monde \u00e9tait effray\u00e9 et compl\u00e8tement paniqu\u00e9. Un enfant vomissait. Les gens pleuraient ouvertement, comme mon ami et moi-m\u00eame\u00bb, souffle le chef d\u2019entreprise d\u2019une start-up aupr\u00e8s de nos confr\u00e8res. Si les \u00e9clairs n\u2019ont pas touch\u00e9 l\u2019avion, les gr\u00ealons ont en revanche arrach\u00e9 son nez.<\/p>\n<p>Avion retir\u00e9 de la circulation<\/p>\n<p class=\"fig-paragraph\">\u00ab L\u2019\u00e9quipage a suivi le protocole \u00e9tabli et l\u2019avion a atterri en toute s\u00e9curit\u00e9 \u00e0 Srinagar. L\u2019\u00e9quipe de l\u2019a\u00e9roport a pris soin des passagers apr\u00e8s leur arriv\u00e9e, privil\u00e9giant leur bien-\u00eatre et leur confort\u00bb, pr\u00e9cise la compagnie indienne. L\u2019entreprise a d\u00e9clar\u00e9 aupr\u00e8s de nos confr\u00e8res que tous les passagers et les membres de l\u2019\u00e9quipage sont sains et saufs. Les perturbations m\u00e9t\u00e9orologiques inattendues, dues \u00e0 un changement brutal du temps selon le D\u00e9partement m\u00e9t\u00e9orologique indien, ont forc\u00e9 la suspension ou le d\u00e9tournement de plusieurs vols nationaux et internationaux de l\u2019a\u00e9roport international Indira-Gandhi, \u00e0 New Delhi.<\/p>\n<p class=\"fig-paragraph\">\u00abLe vol Indigo 6E2142 en route vers Delhi et Srinagar a connu de mauvaises conditions m\u00e9t\u00e9orologiques, une temp\u00eate de gr\u00eale. Une urgence a \u00e9t\u00e9 signal\u00e9e par le pilote \u00e0 l\u2019ATC SXR (Srinagar)\u00bb, a d\u00e9clar\u00e9 un responsable de l\u2019Autorit\u00e9 a\u00e9roportuaire indienne. En revanche, l\u2019appareil a \u00e9t\u00e9 d\u00e9clar\u00e9 AOG ( \u00abAvion immobilis\u00e9\u00bb), au vu de l\u2019importance des d\u00e9g\u00e2ts et des r\u00e9parations n\u00e9cessaires pour le remettre en circulation.<\/p>\n","protected":false},"excerpt":{"rendered":"Un appareil de la compagnie a\u00e9rienne IndiGo a \u00e9t\u00e9 pris dans des turbulences sur le vol qui reliait&hellip;\n","protected":false},"author":2,"featured_media":120600,"comment_status":"","ping_status":"","sticky":false,"template":"","format":"standard","meta":{"footnotes":""},"categories":[5],"tags":[259,11,260,37,1011,27,5595,14,261,12,262,28],"class_list":{"0":"post-120599","1":"post","2":"type-post","3":"status-publish","4":"format-standard","5":"has-post-thumbnail","7":"category-international","8":"tag-actualite-internationale","9":"tag-actualites","10":"tag-affaires-etrangeres","11":"tag-avion","12":"tag-fr","13":"tag-france","14":"tag-inde","15":"tag-international","16":"tag-ministere-des-affaires-etrangeres","17":"tag-news","18":"tag-politique-etrangere","19":"tag-world"},"share_on_mastodon":{"url":"https:\/\/pubeurope.com\/@fr\/114554048861029334","error":""},"_links":{"self":[{"href":"https:\/\/www.europesays.com\/fr\/wp-json\/wp\/v2\/posts\/120599","targetHints":{"allow":["GET"]}}],"collection":[{"href":"https:\/\/www.europesays.com\/fr\/wp-json\/wp\/v2\/posts"}],"about":[{"href":"https:\/\/www.europesays.com\/fr\/wp-json\/wp\/v2\/types\/post"}],"author":[{"embeddable":true,"href":"https:\/\/www.europesays.com\/fr\/wp-json\/wp\/v2\/users\/2"}],"replies":[{"embeddable":true,"href":"https:\/\/www.europesays.com\/fr\/wp-json\/wp\/v2\/comments?post=120599"}],"version-history":[{"count":0,"href":"https:\/\/www.europesays.com\/fr\/wp-json\/wp\/v2\/posts\/120599\/revisions"}],"wp:featuredmedia":[{"embeddable":true,"href":"https:\/\/www.europesays.com\/fr\/wp-json\/wp\/v2\/media\/120600"}],"wp:attachment":[{"href":"https:\/\/www.europesays.com\/fr\/wp-json\/wp\/v2\/media?parent=120599"}],"wp:term":[{"taxonomy":"category","embeddable":true,"href":"https:\/\/www.europesays.com\/fr\/wp-json\/wp\/v2\/categories?post=120599"},{"taxonomy":"post_tag","embeddable":true,"href":"https:\/\/www.europesays.com\/fr\/wp-json\/wp\/v2\/tags?post=120599"}],"curies":[{"name":"wp","href":"https:\/\/api.w.org\/{rel}","templated":true}]}}