{"id":12060,"date":"2025-04-09T07:37:07","date_gmt":"2025-04-09T07:37:07","guid":{"rendered":"https:\/\/www.europesays.com\/fr\/12060\/"},"modified":"2025-04-09T07:37:07","modified_gmt":"2025-04-09T07:37:07","slug":"en-vingt-ans-la-pollution-de-lair-a-ete-divisee-par-deux","status":"publish","type":"post","link":"https:\/\/www.europesays.com\/fr\/12060\/","title":{"rendered":"en vingt ans, la pollution de l&rsquo;air a \u00e9t\u00e9 divis\u00e9e par deux"},"content":{"rendered":"<p>            Par<br \/>\n        <strong><br \/>\n            <a href=\"https:\/\/actu.fr\/auteur\/sarah-coulet\" title=\"Consulter tous les articles de Sarah Coulet\" target=\"_blank\" rel=\"noopener\">Sarah Coulet<\/a><br \/>\n        <\/strong><\/p>\n<p>        Publi\u00e9 le<\/p>\n<p>            9 avr. 2025 \u00e0 9h13        <\/p>\n<p>L\u2019air est de plus en plus respirable en \u00cele-de-France. Ce mercredi 9\u00a0avril 2025, Airparif vient de publier son rapport sur <strong>l\u2019\u00e9volution de la qualit\u00e9 de l\u2019air<\/strong> en 2024. Et le constat est sans appel\u2009: la pollution a \u00e9t\u00e9 r\u00e9duite de moiti\u00e9 depuis entre\u00a02024 et\u00a02005.<\/p>\n<p class=\" wall-content\">\u00ab\u2009Les concentrations des polluants de l\u2019air r\u00e9glement\u00e9s les plus nocifs pour la sant\u00e9 humaine, \u00e0 savoir les particules fines et le dioxyde d\u2019azote, ont \u00e9t\u00e9 <strong>divis\u00e9es par deux<\/strong> (respectivement -55\u2009% et -50\u2009%)\u2009\u00bb, explique Airparif, association ind\u00e9pendante charg\u00e9e de la surveillance et de l\u2019information sur la pollution.<\/p>\n<p class=\" wall-content\">La raison\u2009? La mise en place de <strong>politique locales<\/strong>, nationales et europ\u00e9ennes, comme <a href=\"https:\/\/actu.fr\/ile-de-france\/paris_75056\/les-rats-des-villes-sacrifient-les-rats-des-champs-manifestation-des-gueux-a-paris-contre-les-zfe_62474105.html\" target=\"_blank\" rel=\"noopener\">les ZFE<\/a> ou la <a href=\"https:\/\/actu.fr\/ile-de-france\/paris_75056\/peripherique-de-paris-a-50-km-h-une-punition-pour-les-banlieusards_61672934.html\" target=\"_blank\" rel=\"noopener\">r\u00e9duction de la vitesse sur le p\u00e9riph\u00e9rique<\/a>, qui contribuent \u00e0 am\u00e9liorer la qualit\u00e9 atmosph\u00e9rique.<\/p>\n<p class=\" wall-content\">Des mesures qui, si elles ne font pas l\u2019unanimit\u00e9, ont visiblement port\u00e9 leur fruit. Une exception cependant\u2009: <strong>l\u2019ozone de basse altitude<\/strong>. Malgr\u00e9 une baisse d\u2019\u00e9missions locales, ce gaz polluant se d\u00e9place facilement de continent en continent et le r\u00e9chauffement climatique en accentue la formation.<\/p>\n<p class=\" wall-content\">Si l\u2019air respir\u00e9 par les Franciliens en 2024 est moins pollu\u00e9 que celui de 2005, il n\u2019en reste pas moins au-dessus des recommandations de l\u2019Organisation Mondiale de la Sant\u00e9 (OMS). \u00ab\u2009Leur respect permettrait d\u2019\u00e9viter les<strong> 7\u2009900 d\u00e9c\u00e8s pr\u00e9matur\u00e9s<\/strong>\u2009\u00bb, estime Airparif qui va m\u00eame plus loin\u2009: \u00ab\u2009si ces valeurs \u00e9taient applicables d\u00e8s 2024, ce sont 2,6\u00a0millions de Franciliens qui auraient \u00e9t\u00e9 concern\u00e9s par un d\u00e9passement.\u2009\u00bb<\/p>\n<p>Vid\u00e9os : en ce moment sur Actu<\/p>\n<p class=\" wall-content\">Moins de pollinisateurs, ralentissement de la croissance des plantes\u2026 Les Hommes ne sont pas les seuls impact\u00e9s par la pollution de l\u2019air, la faune et la flore en souffrent aussi.<\/p>\n<p>Paris et les grands axes les plus touch\u00e9s par la pollution<\/p>\n<p>Sans surprise, c&rsquo;est \u00e0 Paris, en petite couronne et proches des grands axes de circulation que la population est la plus impact\u00e9e par la pollution. \u00ab\u00a0Ces d\u00e9passements concernent principalement les zones situ\u00e9es \u00e0 moins de 50 m\u00e8tres de grands axes de circulation : boulevard p\u00e9riph\u00e9rique, autoroutes A1, A3, A4, A6 et A86\u00a0\u00bb, pr\u00e9cise l&rsquo;association.\u00a0<\/p>\n<p class=\" wall-content\">Suivez toute l\u2019actualit\u00e9 de vos villes et m\u00e9dias favoris en vous inscrivant \u00e0 <a href=\"https:\/\/moncompte.actu.fr\" title=\"D\u00e9couvez Mon Actu\" rel=\"nofollow noopener\" data-trk=\"{&quot;cta&quot;:{&quot;action&quot;:&quot;https:\\\/\\\/moncompte.actu.fr&quot;,&quot;category&quot;:&quot;mon compte&quot;,&quot;from&quot;:&quot;article footer&quot;,&quot;name&quot;:&quot;Mon actu&quot;,&quot;type&quot;:&quot;cta&quot;}}\" target=\"_blank\">Mon Actu<\/a>.<\/p>\n","protected":false},"excerpt":{"rendered":"Par Sarah Coulet Publi\u00e9 le 9 avr. 2025 \u00e0 9h13 L\u2019air est de plus en plus respirable en&hellip;\n","protected":false},"author":2,"featured_media":12061,"comment_status":"","ping_status":"","sticky":false,"template":"","format":"standard","meta":{"footnotes":""},"categories":[1592],"tags":[1111,11,1777,674,1011,27,662,12,626,1800,25,71,104],"class_list":{"0":"post-12060","1":"post","2":"type-post","3":"status-publish","4":"format-standard","5":"has-post-thumbnail","7":"category-ile-de-france","8":"tag-actu","9":"tag-actualites","10":"tag-eu","11":"tag-europe","12":"tag-fr","13":"tag-france","14":"tag-ile-de-france","15":"tag-news","16":"tag-paris","17":"tag-pollution","18":"tag-republique-francaise","19":"tag-sante","20":"tag-societe"},"share_on_mastodon":{"url":"https:\/\/pubeurope.com\/@fr\/114306865228804578","error":""},"_links":{"self":[{"href":"https:\/\/www.europesays.com\/fr\/wp-json\/wp\/v2\/posts\/12060","targetHints":{"allow":["GET"]}}],"collection":[{"href":"https:\/\/www.europesays.com\/fr\/wp-json\/wp\/v2\/posts"}],"about":[{"href":"https:\/\/www.europesays.com\/fr\/wp-json\/wp\/v2\/types\/post"}],"author":[{"embeddable":true,"href":"https:\/\/www.europesays.com\/fr\/wp-json\/wp\/v2\/users\/2"}],"replies":[{"embeddable":true,"href":"https:\/\/www.europesays.com\/fr\/wp-json\/wp\/v2\/comments?post=12060"}],"version-history":[{"count":0,"href":"https:\/\/www.europesays.com\/fr\/wp-json\/wp\/v2\/posts\/12060\/revisions"}],"wp:featuredmedia":[{"embeddable":true,"href":"https:\/\/www.europesays.com\/fr\/wp-json\/wp\/v2\/media\/12061"}],"wp:attachment":[{"href":"https:\/\/www.europesays.com\/fr\/wp-json\/wp\/v2\/media?parent=12060"}],"wp:term":[{"taxonomy":"category","embeddable":true,"href":"https:\/\/www.europesays.com\/fr\/wp-json\/wp\/v2\/categories?post=12060"},{"taxonomy":"post_tag","embeddable":true,"href":"https:\/\/www.europesays.com\/fr\/wp-json\/wp\/v2\/tags?post=12060"}],"curies":[{"name":"wp","href":"https:\/\/api.w.org\/{rel}","templated":true}]}}