{"id":120601,"date":"2025-05-22T23:20:12","date_gmt":"2025-05-22T23:20:12","guid":{"rendered":"https:\/\/www.europesays.com\/fr\/120601\/"},"modified":"2025-05-22T23:20:12","modified_gmt":"2025-05-22T23:20:12","slug":"pourquoi-darmanin-propose-t-il-de-supprimer-les-pieces-et-billets-en-france","status":"publish","type":"post","link":"https:\/\/www.europesays.com\/fr\/120601\/","title":{"rendered":"Pourquoi Darmanin propose-t-il de supprimer les pi\u00e8ces et billets en France\u00a0?"},"content":{"rendered":"<p>Et si la fin de l\u2019<a href=\"https:\/\/www.20minutes.fr\/dossier\/argent\" target=\"_blank\" class=\"color-ultramarine c-link\" rel=\"noopener\">argent liquide<\/a> permettait de couper court aux <a href=\"https:\/\/www.20minutes.fr\/dossier\/trafic_de_drogue\" target=\"_blank\" class=\"color-ultramarine c-link\" rel=\"noopener\">trafics de drogue<\/a>\u00a0? Auditionn\u00e9 ce jeudi par la commission d\u2019enqu\u00eate du S\u00e9nat sur la d\u00e9linquance financi\u00e8re, <a href=\"https:\/\/www.20minutes.fr\/dossier\/gerald_darmanin\" target=\"_blank\" class=\"color-ultramarine c-link\" rel=\"noopener\">G\u00e9rald Darmanin<\/a> a relanc\u00e9 un d\u00e9bat explosif\u00a0: la suppression des esp\u00e8ces en France. Une mesure radicale, selon lui, pour s\u2019attaquer aux points de deal. \u00ab\u00a0Une grande partie de la fraude de la <a href=\"https:\/\/www.20minutes.fr\/dossier\/delinquance\" target=\"_blank\" class=\"color-ultramarine c-link\" rel=\"noopener\">d\u00e9linquance<\/a> du quotidien, m\u00eame des r\u00e9seaux criminels, sont des fraudes d\u2019argent liquide\u00a0\u00bb, a expliqu\u00e9 le ministre de la Justice, cit\u00e9 par <a href=\"https:\/\/www.bfmtv.com\/economie\/economie-social\/france\/la-fin-de-l-argent-liquide-pour-empecher-les-points-de-deal-la-proposition-de-gerald-darmanin-pourrait-elle-les-francais_AV-202505220641.html?at_brand=BFMTV&amp;at_compte=BFMTV&amp;at_plateforme=facebook&amp;at_campaign=Fan_pages&amp;at_medium=Community_Management\" rel=\"nofollow noopener\" target=\"_blank\" class=\"color-ultramarine c-link\">BFMTV<\/a>.<\/p>\n<p>\u00ab\u00a0Une mesure assez simple\u00a0: la fin de l\u2019argent liquide emp\u00eachera les points de deal\u00a0\u00bb, a-t-il affirm\u00e9, tout en reconnaissant que cela ne ferait pas totalement dispara\u00eetre la drogue. Mais selon lui, rendre les transactions tra\u00e7ables compliquerait consid\u00e9rablement le travail des dealers. \u00ab\u00a0Une fois que l\u2019argent est tra\u00e7able, comme le sont parfois les <a href=\"https:\/\/www.20minutes.fr\/20-mint\/cryptomonnaies\/\" target=\"_blank\" class=\"color-ultramarine c-link\" rel=\"noopener\">cryptoactifs<\/a>, c\u2019est plus compliqu\u00e9 pour le consommateur comme pour le revendeur.\u00a0\u00bb<\/p>\n<\/p>\n<p>Les Fran\u00e7ais tr\u00e8s attach\u00e9s au cash<\/p>\n<p>Malgr\u00e9 la mont\u00e9e en puissance du paiement par carte \u2013 devenu en\u00a02024 le mode de paiement dominant selon la <a href=\"https:\/\/www.20minutes.fr\/dossier\/banque_de_france\" target=\"_blank\" class=\"color-ultramarine c-link\" rel=\"noopener\">Banque de France<\/a> \u2013 les Fran\u00e7ais restent attach\u00e9s aux esp\u00e8ces. Des arguments que le ministre juge justement propices aux activit\u00e9s illicites. Mais alors, les Fran\u00e7ais sont-ils pr\u00eats \u00e0 renoncer au liquide pour mieux lutter contre la d\u00e9linquance\u00a0? La r\u00e9ponse reste, pour l\u2019instant, loin d\u2019\u00eatre \u00e9vidente.<\/p>\n","protected":false},"excerpt":{"rendered":"Et si la fin de l\u2019argent liquide permettait de couper court aux trafics de drogue\u00a0? Auditionn\u00e9 ce jeudi&hellip;\n","protected":false},"author":2,"featured_media":120602,"comment_status":"","ping_status":"","sticky":false,"template":"","format":"standard","meta":{"footnotes":""},"categories":[4],"tags":[47,11,1261,24240,17489,1011,27,432,4145,813,12,316,25,887],"class_list":{"0":"post-120601","1":"post","2":"type-post","3":"status-publish","4":"format-standard","5":"has-post-thumbnail","7":"category-france","8":"tag-actualite","9":"tag-actualites","10":"tag-argent","11":"tag-banque-de-france","12":"tag-dealer","13":"tag-fr","14":"tag-france","15":"tag-gerald-darmanin","16":"tag-ministre-de-la-justice","17":"tag-narcotrafiquants","18":"tag-news","19":"tag-politique","20":"tag-republique-francaise","21":"tag-trafic-de-drogue"},"share_on_mastodon":{"url":"https:\/\/pubeurope.com\/@fr\/114554052555989130","error":""},"_links":{"self":[{"href":"https:\/\/www.europesays.com\/fr\/wp-json\/wp\/v2\/posts\/120601","targetHints":{"allow":["GET"]}}],"collection":[{"href":"https:\/\/www.europesays.com\/fr\/wp-json\/wp\/v2\/posts"}],"about":[{"href":"https:\/\/www.europesays.com\/fr\/wp-json\/wp\/v2\/types\/post"}],"author":[{"embeddable":true,"href":"https:\/\/www.europesays.com\/fr\/wp-json\/wp\/v2\/users\/2"}],"replies":[{"embeddable":true,"href":"https:\/\/www.europesays.com\/fr\/wp-json\/wp\/v2\/comments?post=120601"}],"version-history":[{"count":0,"href":"https:\/\/www.europesays.com\/fr\/wp-json\/wp\/v2\/posts\/120601\/revisions"}],"wp:featuredmedia":[{"embeddable":true,"href":"https:\/\/www.europesays.com\/fr\/wp-json\/wp\/v2\/media\/120602"}],"wp:attachment":[{"href":"https:\/\/www.europesays.com\/fr\/wp-json\/wp\/v2\/media?parent=120601"}],"wp:term":[{"taxonomy":"category","embeddable":true,"href":"https:\/\/www.europesays.com\/fr\/wp-json\/wp\/v2\/categories?post=120601"},{"taxonomy":"post_tag","embeddable":true,"href":"https:\/\/www.europesays.com\/fr\/wp-json\/wp\/v2\/tags?post=120601"}],"curies":[{"name":"wp","href":"https:\/\/api.w.org\/{rel}","templated":true}]}}