{"id":120605,"date":"2025-05-22T23:22:11","date_gmt":"2025-05-22T23:22:11","guid":{"rendered":"https:\/\/www.europesays.com\/fr\/120605\/"},"modified":"2025-05-22T23:22:11","modified_gmt":"2025-05-22T23:22:11","slug":"une-femme-frappee-et-brulee-par-son-conjoint-sauvee-par-les-secours","status":"publish","type":"post","link":"https:\/\/www.europesays.com\/fr\/120605\/","title":{"rendered":"une femme frapp\u00e9e et br\u00fbl\u00e9e par son conjoint sauv\u00e9e par les secours"},"content":{"rendered":"<p>            Par<br \/>\n        <strong><br \/>\n            <a href=\"https:\/\/actu.fr\/auteur\/redaction-saint-etienne\" title=\"Consulter tous les articles de R\u00e9daction Saint-\u00c9tienne\" target=\"_blank\" rel=\"noopener\">R\u00e9daction Saint-\u00c9tienne<\/a><br \/>\n        <\/strong><\/p>\n<p>        Publi\u00e9 le<\/p>\n<p>            22 mai 2025 \u00e0 14h21        <\/p>\n<p>Une femme, \u00e2g\u00e9e de 27\u00a0ans, a \u00e9t\u00e9 victime d\u2019actes de violences et de tortures r\u00e9alis\u00e9s par son conjoint, un homme \u00e2g\u00e9 de 33\u00a0ans, nous informe une source proche du dossier, confirmant les informations du<a href=\"https:\/\/www.leprogres.fr\/faits-divers-justice\/2025\/05\/22\/tortures-et-brulures-au-chalumeau-sur-sa-compagne-pendant-des-jours-un-homme-arrete-pour-violences\" target=\"_blank\" rel=\"noopener\">\u00a0Progr\u00e8s<\/a>.<\/p>\n<p class=\" wall-content\">Les faits auraient eu lieu dans un appartement de la rue de la R\u00e9publique, en centre-ville de <a href=\"https:\/\/actu.fr\/auvergne-rhone-alpes\/saint-chamond_42207\" target=\"_blank\" rel=\"noopener\">Saint-Chamond<\/a> (Loire), entre <a href=\"https:\/\/actu.fr\/saint-etienne\/\" target=\"_blank\" rel=\"noopener\">Saint-Etienne<\/a> et <a href=\"https:\/\/actu.fr\/lyon\/\" target=\"_blank\" rel=\"noopener\">Lyon<\/a>. La victime a \u00e9t\u00e9 secourue mercredi 21\u00a0mai par les sapeurs-pompiers, polices nationales et municipales.<\/p>\n<p>Des br\u00fblures sur le corps<\/p>\n<p class=\" wall-content\">Selon nos confr\u00e8res, la jeune femme a \u00e9t\u00e9 s\u00e9questr\u00e9e dans son logement pendant pr\u00e8s d\u2019une semaine o\u00f9 elle a subi des coups de poing, des coups avec des objets et des br\u00fblures provoqu\u00e9es avec un chalumeau sur toutes les parties du corps.<\/p>\n<p class=\" wall-content\">Le suspect a \u00e9t\u00e9 arr\u00eat\u00e9 et plac\u00e9 en garde \u00e0 vue. Contact\u00e9, le parquet st\u00e9phanois n\u2019a pas r\u00e9pondu \u00e0 nos sollicitations.<\/p>\n<p class=\" wall-content\">Suivez toute l\u2019actualit\u00e9 de vos villes et m\u00e9dias favoris en vous inscrivant \u00e0 <a href=\"https:\/\/moncompte.actu.fr\" title=\"D\u00e9couvez Mon Actu\" rel=\"nofollow noopener\" data-trk=\"{&quot;cta&quot;:{&quot;action&quot;:&quot;https:\\\/\\\/moncompte.actu.fr&quot;,&quot;category&quot;:&quot;mon compte&quot;,&quot;from&quot;:&quot;article footer&quot;,&quot;name&quot;:&quot;Mon actu&quot;,&quot;type&quot;:&quot;cta&quot;}}\" target=\"_blank\">Mon Actu<\/a>.<\/p>\n","protected":false},"excerpt":{"rendered":"Par R\u00e9daction Saint-\u00c9tienne Publi\u00e9 le 22 mai 2025 \u00e0 14h21 Une femme, \u00e2g\u00e9e de 27\u00a0ans, a \u00e9t\u00e9 victime&hellip;\n","protected":false},"author":2,"featured_media":120606,"comment_status":"","ping_status":"","sticky":false,"template":"","format":"standard","meta":{"footnotes":""},"categories":[9653],"tags":[1111,11,2430,1777,674,118,1011,27,12,1072,1311,25,4001,798],"class_list":{"0":"post-120605","1":"post","2":"type-post","3":"status-publish","4":"format-standard","5":"has-post-thumbnail","7":"category-saint-etienne","8":"tag-actu","9":"tag-actualites","10":"tag-auvergne-rhone-alpes","11":"tag-eu","12":"tag-europe","13":"tag-faits-divers","14":"tag-fr","15":"tag-france","16":"tag-news","17":"tag-police","18":"tag-pompiers","19":"tag-republique-francaise","20":"tag-saint-etienne","21":"tag-violences-conjugales"},"share_on_mastodon":{"url":"https:\/\/pubeurope.com\/@fr\/114554060459273406","error":""},"_links":{"self":[{"href":"https:\/\/www.europesays.com\/fr\/wp-json\/wp\/v2\/posts\/120605","targetHints":{"allow":["GET"]}}],"collection":[{"href":"https:\/\/www.europesays.com\/fr\/wp-json\/wp\/v2\/posts"}],"about":[{"href":"https:\/\/www.europesays.com\/fr\/wp-json\/wp\/v2\/types\/post"}],"author":[{"embeddable":true,"href":"https:\/\/www.europesays.com\/fr\/wp-json\/wp\/v2\/users\/2"}],"replies":[{"embeddable":true,"href":"https:\/\/www.europesays.com\/fr\/wp-json\/wp\/v2\/comments?post=120605"}],"version-history":[{"count":0,"href":"https:\/\/www.europesays.com\/fr\/wp-json\/wp\/v2\/posts\/120605\/revisions"}],"wp:featuredmedia":[{"embeddable":true,"href":"https:\/\/www.europesays.com\/fr\/wp-json\/wp\/v2\/media\/120606"}],"wp:attachment":[{"href":"https:\/\/www.europesays.com\/fr\/wp-json\/wp\/v2\/media?parent=120605"}],"wp:term":[{"taxonomy":"category","embeddable":true,"href":"https:\/\/www.europesays.com\/fr\/wp-json\/wp\/v2\/categories?post=120605"},{"taxonomy":"post_tag","embeddable":true,"href":"https:\/\/www.europesays.com\/fr\/wp-json\/wp\/v2\/tags?post=120605"}],"curies":[{"name":"wp","href":"https:\/\/api.w.org\/{rel}","templated":true}]}}