{"id":120613,"date":"2025-05-22T23:26:14","date_gmt":"2025-05-22T23:26:14","guid":{"rendered":"https:\/\/www.europesays.com\/fr\/120613\/"},"modified":"2025-05-22T23:26:14","modified_gmt":"2025-05-22T23:26:14","slug":"urbanisme-pollution-des-ferries-qualite-de-vie-le-nouveau-president-du-comite-dinteret-local-du-mourillon-a-toulon-affiche-ses-ambitions","status":"publish","type":"post","link":"https:\/\/www.europesays.com\/fr\/120613\/","title":{"rendered":"Urbanisme, pollution des ferries, qualit\u00e9 de vie&#8230; Le nouveau pr\u00e9sident du comit\u00e9 d\u2019int\u00e9r\u00eat local du Mourillon \u00e0 Toulon affiche ses ambitions"},"content":{"rendered":"<p>Il y avait du (beau) monde, mardi en fin de journ\u00e9e, sur les plages toulonnaises. Et pas seulement parce que le soleil \u00e9tait de retour, apr\u00e8s un \u00e9pisode orageux. Le comit\u00e9 d\u2019int\u00e9r\u00eat local (CIL) du Mourillon y organisait un cocktail d\u00eenatoire pour pr\u00e9senter son nouveau pr\u00e9sident. Deux candidats putatifs aux \u00e9lections municipales &#8211; Michel Bonnus (LR) et Laure Lavalette (RN) &#8211; et plusieurs \u00e9lus de la majorit\u00e9 actuelle avaient m\u00eame fait le d\u00e9placement.<\/p>\n<p>\u00ab\u00a0On est 1.400 adh\u00e9rents et on repr\u00e9sente un secteur, qui comprend aussi la Mitre et Port Marchand, d\u2019environ 40.000 habitants. Les politiques savent bien qu\u2019on est une association qui compte\u00a0\u00bb, pose Daniel Garcin, le tout nouveau \u00ab\u00a0patron\u00a0\u00bb du quartier. Apr\u00e8s des \u00e9lections internes, l\u2019homme de 71 ans a ainsi succ\u00e9d\u00e9 \u00e0 Fran\u00e7ois Bordes, qui occupait le si\u00e8ge depuis 2018.<\/p>\n<p>Cet ancien fonctionnaire territorial n\u2019est pas un inconnu. Daniel Garcin, membre du CIL depuis huit ans, est son vice-pr\u00e9sident depuis trois ans. Mais il a \u00e9galement \u00e9t\u00e9 \u00e0 la t\u00eate du CIL du Champs de Mars et m\u00eame conseiller municipal sous les mandatures de Maurice Arreckx et de Fran\u00e7ois Trucy. \u00ab\u00a0C\u2019\u00e9tait il y a bien longtemps\u00a0\u00bb, sourit-il. Toujours administrateur de l\u2019office HLM, il jure n\u2019avoir \u00ab\u00a0plus aucune ambition politique\u00a0\u00bb, comme plusieurs de ses alter ego ont pu en nourrir avant lui.<\/p>\n<p>              <img ci-src=\"https:\/\/www.varmatin.com\/vie-locale\/Image+A20240811T043015_M_10_163_0_4_XW_3_15_01_F-E2eaHLmB.jpg?vh=10a0ab&amp;ci_seal=fb3837da13\" alt=\"\"\/><br \/>\n        La rue Lamague, \u00e0 deux pas des plages, est le c\u0153ur du \u00ab\u00a0village\u00a0\u00bb du Mourillon. Le CIL de ce quartier ais\u00e9 et attractif est le plus important de la m\u00e9tropole toulonnaise.  <strong>Photo Val\u00e9rie Le Parc.<\/strong> <\/p>\n<p>                                \u00ab\u00a0Sur les ferries, nous n\u2019avons pas \u00e9t\u00e9 beaucoup \u00e9cout\u00e9s\u00a0\u00bb<\/p>\n<p>Aujourd\u2019hui, le plus gros CIL de la m\u00e9tropole se voit comme un lobby qui ne dirait pas son nom. \u00ab\u00a0On veut peser pour que la qualit\u00e9 de vie des gens du secteur soit respect\u00e9e et prot\u00e9g\u00e9e\u00a0\u00bb, r\u00e9sume Daniel Garcin. Si l\u2019on en croit \u00ab\u00a0l\u2019enfant de Besagne\u00a0\u00bb, cela n\u2019a pas toujours \u00e9t\u00e9 le cas ces derni\u00e8res ann\u00e9es. \u00ab\u00a0On a eu gain de cause sur des petits soucis du quotidien &#8211; des arbres, des bancs, des trottoirs\u2026 &#8211; mais sur les probl\u00e9matiques de circulation ou de pollution li\u00e9e aux ferries, par exemple, nous n\u2019avons pas \u00e9t\u00e9 beaucoup \u00e9cout\u00e9s.\u00a0\u00bb<\/p>\n<p>Avec le scrutin municipal de 2026 en ligne de mire, l\u2019avis du CIL sur les dossiers locaux comptera, esp\u00e8re le nouveau pr\u00e9sident. \u00ab\u00a0Apr\u00e8s l\u2019agression d\u2019un jeune homme sur le parking des plages, on souhaite un renforcement de la s\u00e9curit\u00e9 des lieux, d\u00e9taille-t-il. Mayol \u00e0 Pipady reste aussi \u00e0 imaginer. Esp\u00e9rons que, cette fois, nous n\u2019apprendrons pas le projet dans la presse. On ne veut pas, comme \u00e0 Bandol, un b\u00e9tonnage du bord de mer.\u00a0\u00bb<\/p>\n<p>Daniel Garcin annonce que des commissions th\u00e9matiques vont \u00eatre cr\u00e9\u00e9es au sein de l\u2019association, pour \u00eatre force de propositions sur un certain nombre de sujets. Un think tank version quartier, en quelque sorte. \u00ab\u00a0Si on veut \u00eatre pris au s\u00e9rieux, il faut faire un travail s\u00e9rieux.\u00a0\u00bb Reste \u00e0 savoir si cela apaisera les traditionnelles assembl\u00e9es g\u00e9n\u00e9rales du CIL, o\u00f9 les \u00e9lus se font r\u00e9guli\u00e8rement chahuter.<\/p>\n","protected":false},"excerpt":{"rendered":"Il y avait du (beau) monde, mardi en fin de journ\u00e9e, sur les plages toulonnaises. Et pas seulement&hellip;\n","protected":false},"author":2,"featured_media":120614,"comment_status":"","ping_status":"","sticky":false,"template":"","format":"standard","meta":{"footnotes":""},"categories":[9619],"tags":[1111,11,1777,674,1011,27,12,882,25,2310,3366],"class_list":{"0":"post-120613","1":"post","2":"type-post","3":"status-publish","4":"format-standard","5":"has-post-thumbnail","7":"category-toulon","8":"tag-actu","9":"tag-actualites","10":"tag-eu","11":"tag-europe","12":"tag-fr","13":"tag-france","14":"tag-news","15":"tag-provence-alpes-cote-dazur","16":"tag-republique-francaise","17":"tag-toulon","18":"tag-vie-locale"},"share_on_mastodon":{"url":"https:\/\/pubeurope.com\/@fr\/114554076174266398","error":""},"_links":{"self":[{"href":"https:\/\/www.europesays.com\/fr\/wp-json\/wp\/v2\/posts\/120613","targetHints":{"allow":["GET"]}}],"collection":[{"href":"https:\/\/www.europesays.com\/fr\/wp-json\/wp\/v2\/posts"}],"about":[{"href":"https:\/\/www.europesays.com\/fr\/wp-json\/wp\/v2\/types\/post"}],"author":[{"embeddable":true,"href":"https:\/\/www.europesays.com\/fr\/wp-json\/wp\/v2\/users\/2"}],"replies":[{"embeddable":true,"href":"https:\/\/www.europesays.com\/fr\/wp-json\/wp\/v2\/comments?post=120613"}],"version-history":[{"count":0,"href":"https:\/\/www.europesays.com\/fr\/wp-json\/wp\/v2\/posts\/120613\/revisions"}],"wp:featuredmedia":[{"embeddable":true,"href":"https:\/\/www.europesays.com\/fr\/wp-json\/wp\/v2\/media\/120614"}],"wp:attachment":[{"href":"https:\/\/www.europesays.com\/fr\/wp-json\/wp\/v2\/media?parent=120613"}],"wp:term":[{"taxonomy":"category","embeddable":true,"href":"https:\/\/www.europesays.com\/fr\/wp-json\/wp\/v2\/categories?post=120613"},{"taxonomy":"post_tag","embeddable":true,"href":"https:\/\/www.europesays.com\/fr\/wp-json\/wp\/v2\/tags?post=120613"}],"curies":[{"name":"wp","href":"https:\/\/api.w.org\/{rel}","templated":true}]}}