{"id":120616,"date":"2025-05-22T23:28:09","date_gmt":"2025-05-22T23:28:09","guid":{"rendered":"https:\/\/www.europesays.com\/fr\/120616\/"},"modified":"2025-05-22T23:28:09","modified_gmt":"2025-05-22T23:28:09","slug":"previsions-du-vendredi-23-mai-2025","status":"publish","type":"post","link":"https:\/\/www.europesays.com\/fr\/120616\/","title":{"rendered":"pr\u00e9visions du vendredi 23 mai 2025"},"content":{"rendered":"<p>Aujourd&rsquo;hui, on pr\u00e9voit pour Montpellier des temp\u00e9ratures d&rsquo;environ 19\u00b0C. C&rsquo;est un soleil magnifique qui va se montrer le matin. Les valeurs tourneront autour des 19\u00b0C. Un vent de nord-ouest, enregistrant 20 km\/h, soufflera. La ville profitera de quelques \u00e9claircies l&rsquo;apr\u00e8s-midi. Les temp\u00e9ratures vont conna\u00eetre une hausse de plusieurs degr\u00e9s. Les maximales atteindront les 24\u00b0C et les minimales seront de 23\u00b0C. C&rsquo;est un ciel limpide que conna\u00eetra la nuit de vendredi \u00e0 samedi.<\/p>\n<p>Un bel ensoleillement est pr\u00e9vu demain \u00e0 Montpellier. Les temp\u00e9ratures afficheront entre 13 et 24\u00b0C. Une l\u00e9g\u00e8re brise de nord-ouest soufflera au cours de la matin\u00e9e. Les temp\u00e9ratures vont grimper pendant l&rsquo;apr\u00e8s-midi de plusieurs degr\u00e9s. Les valeurs seront comprises entre 23\u00b0C et 24\u00b0C. Demain soir, un vent de nord rafra\u00eechira sensiblement l&rsquo;atmosph\u00e8re.<\/p>\n<p>Pour les prochains jours, la m\u00e9t\u00e9o ne bougera pas. Il va faire un temps relativement ensoleill\u00e9 avec des temp\u00e9ratures autour de 20\u00b0C.<\/p>\n<p><\/p>\n","protected":false},"excerpt":{"rendered":"Aujourd&rsquo;hui, on pr\u00e9voit pour Montpellier des temp\u00e9ratures d&rsquo;environ 19\u00b0C. C&rsquo;est un soleil magnifique qui va se montrer le&hellip;\n","protected":false},"author":2,"featured_media":120617,"comment_status":"","ping_status":"","sticky":false,"template":"","format":"standard","meta":{"footnotes":""},"categories":[9599],"tags":[1111,11,1777,674,1011,27,7089,2681,2208,12,2680,2119,25],"class_list":{"0":"post-120616","1":"post","2":"type-post","3":"status-publish","4":"format-standard","5":"has-post-thumbnail","7":"category-montpellier","8":"tag-actu","9":"tag-actualites","10":"tag-eu","11":"tag-europe","12":"tag-fr","13":"tag-france","14":"tag-herault","15":"tag-languedoc-roussillon","16":"tag-montpellier","17":"tag-news","18":"tag-occitanie","19":"tag-previsions-meteo","20":"tag-republique-francaise"},"share_on_mastodon":{"url":"https:\/\/pubeurope.com\/@fr\/114554084169818331","error":""},"_links":{"self":[{"href":"https:\/\/www.europesays.com\/fr\/wp-json\/wp\/v2\/posts\/120616","targetHints":{"allow":["GET"]}}],"collection":[{"href":"https:\/\/www.europesays.com\/fr\/wp-json\/wp\/v2\/posts"}],"about":[{"href":"https:\/\/www.europesays.com\/fr\/wp-json\/wp\/v2\/types\/post"}],"author":[{"embeddable":true,"href":"https:\/\/www.europesays.com\/fr\/wp-json\/wp\/v2\/users\/2"}],"replies":[{"embeddable":true,"href":"https:\/\/www.europesays.com\/fr\/wp-json\/wp\/v2\/comments?post=120616"}],"version-history":[{"count":0,"href":"https:\/\/www.europesays.com\/fr\/wp-json\/wp\/v2\/posts\/120616\/revisions"}],"wp:featuredmedia":[{"embeddable":true,"href":"https:\/\/www.europesays.com\/fr\/wp-json\/wp\/v2\/media\/120617"}],"wp:attachment":[{"href":"https:\/\/www.europesays.com\/fr\/wp-json\/wp\/v2\/media?parent=120616"}],"wp:term":[{"taxonomy":"category","embeddable":true,"href":"https:\/\/www.europesays.com\/fr\/wp-json\/wp\/v2\/categories?post=120616"},{"taxonomy":"post_tag","embeddable":true,"href":"https:\/\/www.europesays.com\/fr\/wp-json\/wp\/v2\/tags?post=120616"}],"curies":[{"name":"wp","href":"https:\/\/api.w.org\/{rel}","templated":true}]}}