{"id":120620,"date":"2025-05-22T23:31:13","date_gmt":"2025-05-22T23:31:13","guid":{"rendered":"https:\/\/www.europesays.com\/fr\/120620\/"},"modified":"2025-05-22T23:31:13","modified_gmt":"2025-05-22T23:31:13","slug":"recherche-et-transitions-universite-de-rouen-normandie","status":"publish","type":"post","link":"https:\/\/www.europesays.com\/fr\/120620\/","title":{"rendered":"Recherche et transitions &#8211; Universit\u00e9 de Rouen Normandie"},"content":{"rendered":"<p>Ce projet, port\u00e9 par l\u2019institut T.URN, vise, d\u2019une part, \u00e0 caract\u00e9riser spatialement les \u00eelots de chaleur urbains et leurs cons\u00e9quences sanitaires et sociales et, d\u2019autre part, \u00e0 explorer des solutions d\u2019adaptation fond\u00e9es sur la nature qui pourraient \u00eatre d\u00e9velopp\u00e9es pour augmenter la r\u00e9silience des points chauds identifi\u00e9s dans six collectivit\u00e9s territoriales normandes et franciliennes. Huit laboratoires de l\u2019URN et une \u00e9quipe du CHU de Rouen travaillent sur ce projet.<\/p>\n<blockquote>\n<p><a href=\"https:\/\/multirisques.univ-rouen.fr\/nos-projets-de-recherche\/helios\/\" target=\"_blank\" rel=\"noopener nofollow\"><strong>En savoir plus sur HELIOS <\/strong><\/a><\/p>\n<\/blockquote>\n","protected":false},"excerpt":{"rendered":"Ce projet, port\u00e9 par l\u2019institut T.URN, vise, d\u2019une part, \u00e0 caract\u00e9riser spatialement les \u00eelots de chaleur urbains et&hellip;\n","protected":false},"author":2,"featured_media":120621,"comment_status":"","ping_status":"","sticky":false,"template":"","format":"standard","meta":{"footnotes":""},"categories":[9587],"tags":[1111,11,1777,674,1011,27,12,5161,25,9590],"class_list":{"0":"post-120620","1":"post","2":"type-post","3":"status-publish","4":"format-standard","5":"has-post-thumbnail","7":"category-rouen","8":"tag-actu","9":"tag-actualites","10":"tag-eu","11":"tag-europe","12":"tag-fr","13":"tag-france","14":"tag-news","15":"tag-normandie","16":"tag-republique-francaise","17":"tag-rouen"},"share_on_mastodon":{"url":"https:\/\/pubeurope.com\/@fr\/114554095751317820","error":""},"_links":{"self":[{"href":"https:\/\/www.europesays.com\/fr\/wp-json\/wp\/v2\/posts\/120620","targetHints":{"allow":["GET"]}}],"collection":[{"href":"https:\/\/www.europesays.com\/fr\/wp-json\/wp\/v2\/posts"}],"about":[{"href":"https:\/\/www.europesays.com\/fr\/wp-json\/wp\/v2\/types\/post"}],"author":[{"embeddable":true,"href":"https:\/\/www.europesays.com\/fr\/wp-json\/wp\/v2\/users\/2"}],"replies":[{"embeddable":true,"href":"https:\/\/www.europesays.com\/fr\/wp-json\/wp\/v2\/comments?post=120620"}],"version-history":[{"count":0,"href":"https:\/\/www.europesays.com\/fr\/wp-json\/wp\/v2\/posts\/120620\/revisions"}],"wp:featuredmedia":[{"embeddable":true,"href":"https:\/\/www.europesays.com\/fr\/wp-json\/wp\/v2\/media\/120621"}],"wp:attachment":[{"href":"https:\/\/www.europesays.com\/fr\/wp-json\/wp\/v2\/media?parent=120620"}],"wp:term":[{"taxonomy":"category","embeddable":true,"href":"https:\/\/www.europesays.com\/fr\/wp-json\/wp\/v2\/categories?post=120620"},{"taxonomy":"post_tag","embeddable":true,"href":"https:\/\/www.europesays.com\/fr\/wp-json\/wp\/v2\/tags?post=120620"}],"curies":[{"name":"wp","href":"https:\/\/api.w.org\/{rel}","templated":true}]}}