{"id":120622,"date":"2025-05-22T23:32:33","date_gmt":"2025-05-22T23:32:33","guid":{"rendered":"https:\/\/www.europesays.com\/fr\/120622\/"},"modified":"2025-05-22T23:32:33","modified_gmt":"2025-05-22T23:32:33","slug":"en-images-marine-ebony-maia-marguerite-la-star-academy-live-fait-chavirer-grenoble","status":"publish","type":"post","link":"https:\/\/www.europesays.com\/fr\/120622\/","title":{"rendered":"En images. Marine, Ebony, Ma\u00efa, Marguerite&#8230; la Star Academy live fait chavirer Grenoble"},"content":{"rendered":"<p>Des sourires, des larmes aussi mais beaucoup de joie\u00a0! Le passage des artistes de la douzi\u00e8me saison de la Star Academy n&rsquo;a pas laiss\u00e9 indiff\u00e9rent les grenoblois pr\u00e9sents au Palais des sports ce jeudi soir. Durant pr\u00e8s de deux heures, les jeunes chanteurs et chanteuses ont repris les titres les plus connus de la pop pour le plus grand plaisir des spectateurs. Retour en images sur cette soir\u00e9e.\u00a0\u00a0<\/p>\n","protected":false},"excerpt":{"rendered":"Des sourires, des larmes aussi mais beaucoup de joie\u00a0! Le passage des artistes de la douzi\u00e8me saison de&hellip;\n","protected":false},"author":2,"featured_media":120623,"comment_status":"","ping_status":"","sticky":false,"template":"","format":"standard","meta":{"footnotes":""},"categories":[9566],"tags":[1111,11,2430,1687,1777,674,107,17649,1795,1011,27,2797,5325,2798,2731,108,873,12,25],"class_list":{"0":"post-120622","1":"post","2":"type-post","3":"status-publish","4":"format-standard","5":"has-post-thumbnail","7":"category-grenoble","8":"tag-actu","9":"tag-actualites","10":"tag-auvergne-rhone-alpes","11":"tag-culture-loisirs","12":"tag-eu","13":"tag-europe","14":"tag-fil-info","15":"tag-fil-print","16":"tag-fil-web","17":"tag-fr","18":"tag-france","19":"tag-galerie-loisirs","20":"tag-galerie-media","21":"tag-galerie-photo","22":"tag-grenoble","23":"tag-isere","24":"tag-musique","25":"tag-news","26":"tag-republique-francaise"},"share_on_mastodon":{"url":"https:\/\/pubeurope.com\/@fr\/114554099746424601","error":""},"_links":{"self":[{"href":"https:\/\/www.europesays.com\/fr\/wp-json\/wp\/v2\/posts\/120622","targetHints":{"allow":["GET"]}}],"collection":[{"href":"https:\/\/www.europesays.com\/fr\/wp-json\/wp\/v2\/posts"}],"about":[{"href":"https:\/\/www.europesays.com\/fr\/wp-json\/wp\/v2\/types\/post"}],"author":[{"embeddable":true,"href":"https:\/\/www.europesays.com\/fr\/wp-json\/wp\/v2\/users\/2"}],"replies":[{"embeddable":true,"href":"https:\/\/www.europesays.com\/fr\/wp-json\/wp\/v2\/comments?post=120622"}],"version-history":[{"count":0,"href":"https:\/\/www.europesays.com\/fr\/wp-json\/wp\/v2\/posts\/120622\/revisions"}],"wp:featuredmedia":[{"embeddable":true,"href":"https:\/\/www.europesays.com\/fr\/wp-json\/wp\/v2\/media\/120623"}],"wp:attachment":[{"href":"https:\/\/www.europesays.com\/fr\/wp-json\/wp\/v2\/media?parent=120622"}],"wp:term":[{"taxonomy":"category","embeddable":true,"href":"https:\/\/www.europesays.com\/fr\/wp-json\/wp\/v2\/categories?post=120622"},{"taxonomy":"post_tag","embeddable":true,"href":"https:\/\/www.europesays.com\/fr\/wp-json\/wp\/v2\/tags?post=120622"}],"curies":[{"name":"wp","href":"https:\/\/api.w.org\/{rel}","templated":true}]}}