{"id":120624,"date":"2025-05-22T23:33:09","date_gmt":"2025-05-22T23:33:09","guid":{"rendered":"https:\/\/www.europesays.com\/fr\/120624\/"},"modified":"2025-05-22T23:33:09","modified_gmt":"2025-05-22T23:33:09","slug":"provence-rugby-remporte-son-barrage-et-ira-a-grenoble-pour-sa-demi-finale","status":"publish","type":"post","link":"https:\/\/www.europesays.com\/fr\/120624\/","title":{"rendered":"Provence Rugby remporte son barrage et ira \u00e0 Grenoble pour sa demi-finale"},"content":{"rendered":"<p>Le r\u00eave de Provence Rugby est toujours intact. Celui d&rsquo;acc\u00e9der pour la premi\u00e8re fois de son histoire au Top 14, le sommet du rugby fran\u00e7ais. Un r\u00eave intact gr\u00e2ce \u00e0 la victoire acquise avec autorit\u00e9 ce jeudi 22 mai <a href=\"https:\/\/www.laprovence.com\/article\/sports\/1874618711539414\/pro-d2-quart-de-finale-provence-rugby-lance-sa-phase-finale-ce-jeudi-soir-face-a-angouleme\" target=\"_blank\" rel=\"nofollow noopener\">sur la pelouse du stade Maurice-David face Soyaux Angoul\u00eame (49-22)<\/a> lors d&rsquo;un barrage qui lui ouvre la voie vers une demi-finale d&rsquo;accession \u00e0 Grenoble le jeudi 29 mai.<\/p>\n<p><a href=\"https:\/\/www.laprovence.com\/article\/sports\/9726139939215614\/info-la-provence-rugby-pro-d2-mauricio-reggiardo-va-quitter-provence-rugby-a-la-fin-de-la-saison\" target=\"_blank\" rel=\"nofollow noopener\">Les joueurs de Mauricio Reggiardo, qui ne sera plus l&rsquo;entra\u00eeneur des Aixois au terme de cette saison,<\/a> n&rsquo;ont pas eu \u00e0 forcer pour se d\u00e9barrasser d&rsquo;une formation moins forte, qui n&rsquo;\u00e9tait pas vraiment attendue \u00e0 ce stade de la comp\u00e9tition. Aix-en-Provence, qui a termin\u00e9 la saison r\u00e9guli\u00e8re \u00e0 la 4e place, a n\u00e9anmoins \u00e9t\u00e9 cueilli \u00e0 froid d\u00e8s la 3e minute de jeu apr\u00e8s le premier essai de son adversaire sign\u00e9 Farissier (0-7). Un \u00e9lectrochoc qui lui a permis se r\u00e9veiller dans la foul\u00e9e puisque derri\u00e8re, Provence Rugby a franchi d&rsquo;en-but \u00e0 quatre reprises en premi\u00e8re p\u00e9riode gr\u00e2ce \u00e0 Finau (7e), Bouhedjeur (22e), Piazzoli (28e) et Soulan (32e). Un festival offensif qui a permis aux Aixois de rentrer aux vestiaires avec un avantage tr\u00e8s confortable (29-10).<\/p>\n<p>North est sorti sur blessure<\/p>\n<p>La deuxi\u00e8me p\u00e9riode a \u00e9t\u00e9 un peu moins haletante. La faible opposition et l&rsquo;\u00e9cart r\u00e9alis\u00e9 avant la pause ont permis aux Noirs de g\u00e9rer et faire souffler leurs cadres avant l&rsquo;\u00e9ch\u00e9ance qui les attend la semaine prochaine, m\u00eame s&rsquo;ils ont encaiss\u00e9 deux nouveaux essais de Soyaux Angoul\u00eame (Texier 59e, Lafon 78e). De quoi sauver l&rsquo;honneur pour les visiteurs et donner moins d&rsquo;ampleur au score final ? C&rsquo;\u00e9tait sans compter sur le serial-marqueur Adrien Lap\u00e8gue, auteur de son 20e essai cette saison (64e), et l&rsquo;espoir de 18 ans, Paul Cellio (75e, score final 49-22). Dans cette belle soir\u00e9e, tout n&rsquo;a pas \u00e9t\u00e9 positif malgr\u00e9 tout, avec notamment la blessure au genou <a href=\"https:\/\/www.laprovence.com\/article\/sports\/1840007467530915\/pro-d2-remis-de-sa-rupture-du-tendon-dachille-george-north-va-faire-ses-premiers-pas-avec-provence-rugby\" target=\"_blank\" rel=\"nofollow noopener\">du centre gallois George North,<\/a> sorti \u00e0 la demi-heure de jeu et pour lequel le pire est envisag\u00e9, et l&rsquo;inqui\u00e9tude pour Sauveterre, \u00e9galement remplac\u00e9 en fin de match.<\/p>\n<p>Les partenaires de Gopperth auront une semaine pour soigner les corps, du moins ceux qui peuvent l&rsquo;\u00eatre, et se pr\u00e9parer avant l&rsquo;immense d\u00e9fi qui les attend le jeudi 29 mai : une demi-finale d&rsquo;accession \u00e0 Grenoble, 1er de la phase r\u00e9guli\u00e8re <a href=\"https:\/\/www.laprovence.com\/article\/sports\/2716146637913815\/rugby-pro-d2-provence-sincline-contre-grenoble-et-ne-jouera-pas-la-finale-daccession-vers-le-top-14\" target=\"_blank\" rel=\"nofollow noopener\">et contre qui le r\u00eave de mont\u00e9e en Top 14 s&rsquo;\u00e9tait fracass\u00e9 en 2024.<\/a> L&rsquo;histoire est fac\u00e9tieuse et semble se r\u00e9p\u00e9ter \u00e0 l&rsquo;envers. Et si, cette fois, c&rsquo;\u00e9tait au tour de Provence Rugby de jouer un mauvais tour aux Grenoblois ? Le r\u00eave est toujours permis.<\/p>\n","protected":false},"excerpt":{"rendered":"Le r\u00eave de Provence Rugby est toujours intact. Celui d&rsquo;acc\u00e9der pour la premi\u00e8re fois de son histoire au&hellip;\n","protected":false},"author":2,"featured_media":120625,"comment_status":"","ping_status":"","sticky":false,"template":"","format":"standard","meta":{"footnotes":"","_share_on_mastodon":"0"},"categories":[9566],"tags":[17,1111,11,2430,14760,1777,674,24241,1011,27,2731,12,3788,1186,6798,25,479,3711,60],"class_list":["post-120624","post","type-post","status-publish","format-standard","has-post-thumbnail","category-grenoble","tag-17","tag-actu","tag-actualites","tag-auvergne-rhone-alpes","tag-barrage","tag-eu","tag-europe","tag-facilement","tag-fr","tag-france","tag-grenoble","tag-news","tag-pro","tag-provence","tag-remporte","tag-republique-francaise","tag-rugby","tag-son","tag-sports"],"share_on_mastodon":{"url":"https:\/\/pubeurope.com\/@fr\/114554103587045949","error":""},"_links":{"self":[{"href":"https:\/\/www.europesays.com\/fr\/wp-json\/wp\/v2\/posts\/120624","targetHints":{"allow":["GET"]}}],"collection":[{"href":"https:\/\/www.europesays.com\/fr\/wp-json\/wp\/v2\/posts"}],"about":[{"href":"https:\/\/www.europesays.com\/fr\/wp-json\/wp\/v2\/types\/post"}],"author":[{"embeddable":true,"href":"https:\/\/www.europesays.com\/fr\/wp-json\/wp\/v2\/users\/2"}],"replies":[{"embeddable":true,"href":"https:\/\/www.europesays.com\/fr\/wp-json\/wp\/v2\/comments?post=120624"}],"version-history":[{"count":0,"href":"https:\/\/www.europesays.com\/fr\/wp-json\/wp\/v2\/posts\/120624\/revisions"}],"wp:featuredmedia":[{"embeddable":true,"href":"https:\/\/www.europesays.com\/fr\/wp-json\/wp\/v2\/media\/120625"}],"wp:attachment":[{"href":"https:\/\/www.europesays.com\/fr\/wp-json\/wp\/v2\/media?parent=120624"}],"wp:term":[{"taxonomy":"category","embeddable":true,"href":"https:\/\/www.europesays.com\/fr\/wp-json\/wp\/v2\/categories?post=120624"},{"taxonomy":"post_tag","embeddable":true,"href":"https:\/\/www.europesays.com\/fr\/wp-json\/wp\/v2\/tags?post=120624"}],"curies":[{"name":"wp","href":"https:\/\/api.w.org\/{rel}","templated":true}]}}