{"id":120626,"date":"2025-05-22T23:35:09","date_gmt":"2025-05-22T23:35:09","guid":{"rendered":"https:\/\/www.europesays.com\/fr\/120626\/"},"modified":"2025-05-22T23:35:09","modified_gmt":"2025-05-22T23:35:09","slug":"previsions-du-vendredi-23-mai-2025-2","status":"publish","type":"post","link":"https:\/\/www.europesays.com\/fr\/120626\/","title":{"rendered":"pr\u00e9visions du vendredi 23 mai 2025"},"content":{"rendered":"<p>Aujourd&rsquo;hui, les valeurs afficheront entre 8 et 20\u00b0C \u00e0 Rennes. L&rsquo;arriv\u00e9e du soleil le matin sera retard\u00e9e par un certain nombre de nuages. Il faudra emporter son parapluie pour s&rsquo;abriter des pluies \u00e9parses. Le mercure affichera 15\u00b0C en moyenne. Un vent de nord rafra\u00eechira l\u00e9g\u00e8rement l&rsquo;atmosph\u00e8re. L&rsquo;apr\u00e8s-midi, le vent va progressivement chasser les nuages. Les temp\u00e9ratures vont enregistrer une hausse de quelques degr\u00e9s. Les valeurs seront comprises entre 17 et 20\u00b0C. Le soir, on pr\u00e9voit des valeurs d&rsquo;environ 13\u00b0C. Durant votre sommeil, dans la nuit de vendredi \u00e0 samedi, le ciel sera clair.<\/p>\n<p>Demain, \u00e0 Rennes, des nuages ne voudront pas faire place au soleil. Il fera 14\u00b0C en moyenne. Un petit vent de sud-ouest sera ressenti par les habitants. On notera la pr\u00e9sence persistante de nuages le matin. Les temp\u00e9ratures avoisineront les 15\u00b0C. Demain apr\u00e8s-midi, toujours des nuages dans le ciel qui emp\u00eachent le soleil d&rsquo;appara\u00eetre. Intemp\u00e9ries : on pr\u00e9voit des pluies \u00e9parses. D&rsquo;un autre c\u00f4t\u00e9, les temp\u00e9ratures vont conna\u00eetre une augmentation de quelques degr\u00e9s. Les valeurs s&rsquo;\u00e9chelonneront de 18 \u00e0 19\u00b0C. La grisaille ne se disperse toujours pas, il y aura encore de l\u00e9gers nuages demain soir. Les temp\u00e9ratures avoisineront les 16\u00b0C.<\/p>\n<p>Le temps restera stable les jours \u00e0 venir. Des temp\u00e9ratures dans les 14\u00b0C accompagneront un ciel pluvieux.<\/p>\n<p><\/p>\n","protected":false},"excerpt":{"rendered":"Aujourd&rsquo;hui, les valeurs afficheront entre 8 et 20\u00b0C \u00e0 Rennes. L&rsquo;arriv\u00e9e du soleil le matin sera retard\u00e9e par&hellip;\n","protected":false},"author":2,"featured_media":120627,"comment_status":"","ping_status":"","sticky":false,"template":"","format":"standard","meta":{"footnotes":""},"categories":[2821],"tags":[1111,11,829,1777,674,1011,27,848,12,2119,584,25],"class_list":{"0":"post-120626","1":"post","2":"type-post","3":"status-publish","4":"format-standard","5":"has-post-thumbnail","7":"category-rennes","8":"tag-actu","9":"tag-actualites","10":"tag-bretagne","11":"tag-eu","12":"tag-europe","13":"tag-fr","14":"tag-france","15":"tag-ille-et-vilaine","16":"tag-news","17":"tag-previsions-meteo","18":"tag-rennes","19":"tag-republique-francaise"},"share_on_mastodon":{"url":"https:\/\/pubeurope.com\/@fr\/114554111491821680","error":""},"_links":{"self":[{"href":"https:\/\/www.europesays.com\/fr\/wp-json\/wp\/v2\/posts\/120626","targetHints":{"allow":["GET"]}}],"collection":[{"href":"https:\/\/www.europesays.com\/fr\/wp-json\/wp\/v2\/posts"}],"about":[{"href":"https:\/\/www.europesays.com\/fr\/wp-json\/wp\/v2\/types\/post"}],"author":[{"embeddable":true,"href":"https:\/\/www.europesays.com\/fr\/wp-json\/wp\/v2\/users\/2"}],"replies":[{"embeddable":true,"href":"https:\/\/www.europesays.com\/fr\/wp-json\/wp\/v2\/comments?post=120626"}],"version-history":[{"count":0,"href":"https:\/\/www.europesays.com\/fr\/wp-json\/wp\/v2\/posts\/120626\/revisions"}],"wp:featuredmedia":[{"embeddable":true,"href":"https:\/\/www.europesays.com\/fr\/wp-json\/wp\/v2\/media\/120627"}],"wp:attachment":[{"href":"https:\/\/www.europesays.com\/fr\/wp-json\/wp\/v2\/media?parent=120626"}],"wp:term":[{"taxonomy":"category","embeddable":true,"href":"https:\/\/www.europesays.com\/fr\/wp-json\/wp\/v2\/categories?post=120626"},{"taxonomy":"post_tag","embeddable":true,"href":"https:\/\/www.europesays.com\/fr\/wp-json\/wp\/v2\/tags?post=120626"}],"curies":[{"name":"wp","href":"https:\/\/api.w.org\/{rel}","templated":true}]}}