{"id":120632,"date":"2025-05-22T23:38:08","date_gmt":"2025-05-22T23:38:08","guid":{"rendered":"https:\/\/www.europesays.com\/fr\/120632\/"},"modified":"2025-05-22T23:38:08","modified_gmt":"2025-05-22T23:38:08","slug":"previsions-du-vendredi-23-mai-2025-3","status":"publish","type":"post","link":"https:\/\/www.europesays.com\/fr\/120632\/","title":{"rendered":"pr\u00e9visions du vendredi 23 mai 2025"},"content":{"rendered":"<p>\u00c0 Nice, les valeurs seront de 13\u00b0C au minimum et de 19\u00b0C au maximum la journ\u00e9e. Le matin, les Ni\u00e7ois vont pouvoir profiter d&rsquo;un soleil magnifique. Il fera environ 18\u00b0C. Une l\u00e9g\u00e8re brise de sud soufflera. Apr\u00e8s un court \u00e9pisode nuageux, l&rsquo;apr\u00e8s-midi, le soleil va progressivement prendre la place des nuages. Les temp\u00e9ratures seront comprises entre 18 et 19\u00b0C. Les valeurs s&rsquo;\u00e9chelonneront de 16 \u00e0 18\u00b0C sur l&rsquo;ensemble de la soir\u00e9e. On passera de vendredi \u00e0 samedi par une nuit claire.<\/p>\n<p>On notera la pr\u00e9sence persistante de nuages demain \u00e0 Nice. Il va pleuvoir. Une m\u00e9t\u00e9o plus chaude est pr\u00e9vue \u00e9tant donn\u00e9 que le mercure va enregistrer une augmentation. Le thermom\u00e8tre affichera 17\u00b0C en moyenne. La grisaille ne se disperse toujours pas, il y aura encore des nuages le matin. Les temp\u00e9ratures s&rsquo;\u00e9chelonneront entre 16\u00b0C et 17\u00b0C. Un vent de sud-est soufflera doucement. Demain apr\u00e8s-midi, encore des nuages dans le ciel qui emp\u00eachent le soleil de faire son apparition. Les maximales iront jusqu&rsquo;\u00e0 18\u00b0C tandis que les minimales seront de 17\u00b0C. Des \u00e9claircies sont pr\u00e9vues : on passera une soir\u00e9e agr\u00e9able. Les valeurs afficheront entre 16 et 17\u00b0C. Un vent de sud-ouest soufflera un peu, avec 7 km\/h.<\/p>\n<p>Une am\u00e9lioration est attendue les jours suivants. Le temps sera ensoleill\u00e9 avec des temp\u00e9ratures d&rsquo;environ 18\u00b0C.<\/p>\n<p><\/p>\n","protected":false},"excerpt":{"rendered":"\u00c0 Nice, les valeurs seront de 13\u00b0C au minimum et de 19\u00b0C au maximum la journ\u00e9e. Le matin,&hellip;\n","protected":false},"author":2,"featured_media":120633,"comment_status":"","ping_status":"","sticky":false,"template":"","format":"standard","meta":{"footnotes":""},"categories":[2819],"tags":[1111,11,2898,1777,674,1011,27,12,2401,883,2119,882,25],"class_list":{"0":"post-120632","1":"post","2":"type-post","3":"status-publish","4":"format-standard","5":"has-post-thumbnail","7":"category-nice","8":"tag-actu","9":"tag-actualites","10":"tag-alpes-maritimes","11":"tag-eu","12":"tag-europe","13":"tag-fr","14":"tag-france","15":"tag-news","16":"tag-nice","17":"tag-paca","18":"tag-previsions-meteo","19":"tag-provence-alpes-cote-dazur","20":"tag-republique-francaise"},"share_on_mastodon":{"url":"https:\/\/pubeurope.com\/@fr\/114554123309389437","error":""},"_links":{"self":[{"href":"https:\/\/www.europesays.com\/fr\/wp-json\/wp\/v2\/posts\/120632","targetHints":{"allow":["GET"]}}],"collection":[{"href":"https:\/\/www.europesays.com\/fr\/wp-json\/wp\/v2\/posts"}],"about":[{"href":"https:\/\/www.europesays.com\/fr\/wp-json\/wp\/v2\/types\/post"}],"author":[{"embeddable":true,"href":"https:\/\/www.europesays.com\/fr\/wp-json\/wp\/v2\/users\/2"}],"replies":[{"embeddable":true,"href":"https:\/\/www.europesays.com\/fr\/wp-json\/wp\/v2\/comments?post=120632"}],"version-history":[{"count":0,"href":"https:\/\/www.europesays.com\/fr\/wp-json\/wp\/v2\/posts\/120632\/revisions"}],"wp:featuredmedia":[{"embeddable":true,"href":"https:\/\/www.europesays.com\/fr\/wp-json\/wp\/v2\/media\/120633"}],"wp:attachment":[{"href":"https:\/\/www.europesays.com\/fr\/wp-json\/wp\/v2\/media?parent=120632"}],"wp:term":[{"taxonomy":"category","embeddable":true,"href":"https:\/\/www.europesays.com\/fr\/wp-json\/wp\/v2\/categories?post=120632"},{"taxonomy":"post_tag","embeddable":true,"href":"https:\/\/www.europesays.com\/fr\/wp-json\/wp\/v2\/tags?post=120632"}],"curies":[{"name":"wp","href":"https:\/\/api.w.org\/{rel}","templated":true}]}}