{"id":120636,"date":"2025-05-22T23:40:09","date_gmt":"2025-05-22T23:40:09","guid":{"rendered":"https:\/\/www.europesays.com\/fr\/120636\/"},"modified":"2025-05-22T23:40:09","modified_gmt":"2025-05-22T23:40:09","slug":"previsions-du-vendredi-23-mai-2025-4","status":"publish","type":"post","link":"https:\/\/www.europesays.com\/fr\/120636\/","title":{"rendered":"pr\u00e9visions du vendredi 23 mai 2025"},"content":{"rendered":"<p>Il fera en moyenne 14\u00b0C \u00e0 Nantes, aujourd&rsquo;hui. Une petite brise de nord-ouest soufflera. Un splendide soleil va briller et ce, tout au long de la matin\u00e9e. Le thermom\u00e8tre affichera 15\u00b0C en moyenne. La ville aura quelques \u00e9claircies l&rsquo;apr\u00e8s-midi. Les temp\u00e9ratures vont conna\u00eetre une augmentation de plusieurs degr\u00e9s. Les valeurs s&rsquo;\u00e9chelonneront entre 18 et 20\u00b0C. Des pluies \u00e9parses vont tomber durant la soir\u00e9e. Il va faire 15\u00b0C en moyenne. On passera de vendredi \u00e0 samedi par une nuit claire.<\/p>\n<p>\u00c0 Nantes les temp\u00e9ratures afficheront entre 8 et 20\u00b0C demain. Un vent de sud-ouest rafra\u00eechira quelque peu l&rsquo;atmosph\u00e8re. Le matin, un ciel avec des \u00e9claircies va peu \u00e0 peu remplacer les nuages. Les temp\u00e9ratures tourneront autour des 16\u00b0C. Demain apr\u00e8s-midi, on sera sous un ciel bien gris, couvert de nuages. Mauvais temps : on annonce des pluies \u00e9parses. Les valeurs seront comprises entre 18 et 20\u00b0C. On observera la pr\u00e9sence persistante de nuages demain soir. Des pluies \u00e9parses tomberont.<\/p>\n<p>Une d\u00e9gradation est \u00e0 pr\u00e9voir pour les jours \u00e0 venir. Un ciel pluvieux, avec des temp\u00e9ratures de 15\u00b0C environ, est attendu.<\/p>\n<p><\/p>\n","protected":false},"excerpt":{"rendered":"Il fera en moyenne 14\u00b0C \u00e0 Nantes, aujourd&rsquo;hui. Une petite brise de nord-ouest soufflera. Un splendide soleil va&hellip;\n","protected":false},"author":2,"featured_media":120637,"comment_status":"","ping_status":"","sticky":false,"template":"","format":"standard","meta":{"footnotes":""},"categories":[2818],"tags":[1111,11,1777,674,1011,27,3047,766,12,2636,2119,25],"class_list":{"0":"post-120636","1":"post","2":"type-post","3":"status-publish","4":"format-standard","5":"has-post-thumbnail","7":"category-nantes","8":"tag-actu","9":"tag-actualites","10":"tag-eu","11":"tag-europe","12":"tag-fr","13":"tag-france","14":"tag-loire-atlantique","15":"tag-nantes","16":"tag-news","17":"tag-pays-de-la-loire","18":"tag-previsions-meteo","19":"tag-republique-francaise"},"share_on_mastodon":{"url":"https:\/\/pubeurope.com\/@fr\/114554133091984306","error":""},"_links":{"self":[{"href":"https:\/\/www.europesays.com\/fr\/wp-json\/wp\/v2\/posts\/120636","targetHints":{"allow":["GET"]}}],"collection":[{"href":"https:\/\/www.europesays.com\/fr\/wp-json\/wp\/v2\/posts"}],"about":[{"href":"https:\/\/www.europesays.com\/fr\/wp-json\/wp\/v2\/types\/post"}],"author":[{"embeddable":true,"href":"https:\/\/www.europesays.com\/fr\/wp-json\/wp\/v2\/users\/2"}],"replies":[{"embeddable":true,"href":"https:\/\/www.europesays.com\/fr\/wp-json\/wp\/v2\/comments?post=120636"}],"version-history":[{"count":0,"href":"https:\/\/www.europesays.com\/fr\/wp-json\/wp\/v2\/posts\/120636\/revisions"}],"wp:featuredmedia":[{"embeddable":true,"href":"https:\/\/www.europesays.com\/fr\/wp-json\/wp\/v2\/media\/120637"}],"wp:attachment":[{"href":"https:\/\/www.europesays.com\/fr\/wp-json\/wp\/v2\/media?parent=120636"}],"wp:term":[{"taxonomy":"category","embeddable":true,"href":"https:\/\/www.europesays.com\/fr\/wp-json\/wp\/v2\/categories?post=120636"},{"taxonomy":"post_tag","embeddable":true,"href":"https:\/\/www.europesays.com\/fr\/wp-json\/wp\/v2\/tags?post=120636"}],"curies":[{"name":"wp","href":"https:\/\/api.w.org\/{rel}","templated":true}]}}