{"id":120640,"date":"2025-05-22T23:42:09","date_gmt":"2025-05-22T23:42:09","guid":{"rendered":"https:\/\/www.europesays.com\/fr\/120640\/"},"modified":"2025-05-22T23:42:09","modified_gmt":"2025-05-22T23:42:09","slug":"previsions-du-vendredi-23-mai-2025-5","status":"publish","type":"post","link":"https:\/\/www.europesays.com\/fr\/120640\/","title":{"rendered":"pr\u00e9visions du vendredi 23 mai 2025"},"content":{"rendered":"<p>Aujourd&rsquo;hui, \u00e0 Bordeaux, l&rsquo;arriv\u00e9e du soleil sera retard\u00e9e par quelques nuages. Les temp\u00e9ratures seront comprises entre 11 et 21\u00b0C. Un vent de nord-ouest soufflera l\u00e9g\u00e8rement, avec 11 km\/h. Des pluies \u00e9parses sont pr\u00e9vues dans la matin\u00e9e. L&rsquo;apr\u00e8s-midi, les Bordelais vont pouvoir profiter d&rsquo;un soleil magnifique. Les temp\u00e9ratures vont grimper de quelques degr\u00e9s. Les valeurs s&rsquo;\u00e9chelonneront entre 19\u00b0C et 21\u00b0C. Dans la soir\u00e9e, les temp\u00e9ratures avoisineront les 15\u00b0C. Le ciel sera limpide dans la nuit de vendredi \u00e0 samedi.<\/p>\n<p>Un bel ensoleillement est attendu demain \u00e0 Bordeaux. Les temp\u00e9ratures afficheront entre 10 et 22\u00b0C. Un petit vent de nord-ouest sera ressenti par les habitants. Les valeurs seront de 20\u00b0C au minimum et de 22\u00b0C au plus haut l&rsquo;apr\u00e8s-midi.<\/p>\n<p>Les jours suivants s&rsquo;annoncent similaires. On pr\u00e9voit des journ\u00e9es ensoleill\u00e9es, accompagn\u00e9es par des temp\u00e9ratures dans les 17\u00b0C en moyenne.<\/p>\n<p><\/p>\n","protected":false},"excerpt":{"rendered":"Aujourd&rsquo;hui, \u00e0 Bordeaux, l&rsquo;arriv\u00e9e du soleil sera retard\u00e9e par quelques nuages. Les temp\u00e9ratures seront comprises entre 11 et&hellip;\n","protected":false},"author":2,"featured_media":120641,"comment_status":"","ping_status":"","sticky":false,"template":"","format":"standard","meta":{"footnotes":""},"categories":[2817],"tags":[1111,11,3177,1997,1777,674,1011,27,2905,12,2219,2119,25],"class_list":{"0":"post-120640","1":"post","2":"type-post","3":"status-publish","4":"format-standard","5":"has-post-thumbnail","7":"category-bordeaux","8":"tag-actu","9":"tag-actualites","10":"tag-aquitaine","11":"tag-bordeaux","12":"tag-eu","13":"tag-europe","14":"tag-fr","15":"tag-france","16":"tag-gironde","17":"tag-news","18":"tag-nouvelle-aquitaine","19":"tag-previsions-meteo","20":"tag-republique-francaise"},"share_on_mastodon":{"url":"","error":""},"_links":{"self":[{"href":"https:\/\/www.europesays.com\/fr\/wp-json\/wp\/v2\/posts\/120640","targetHints":{"allow":["GET"]}}],"collection":[{"href":"https:\/\/www.europesays.com\/fr\/wp-json\/wp\/v2\/posts"}],"about":[{"href":"https:\/\/www.europesays.com\/fr\/wp-json\/wp\/v2\/types\/post"}],"author":[{"embeddable":true,"href":"https:\/\/www.europesays.com\/fr\/wp-json\/wp\/v2\/users\/2"}],"replies":[{"embeddable":true,"href":"https:\/\/www.europesays.com\/fr\/wp-json\/wp\/v2\/comments?post=120640"}],"version-history":[{"count":0,"href":"https:\/\/www.europesays.com\/fr\/wp-json\/wp\/v2\/posts\/120640\/revisions"}],"wp:featuredmedia":[{"embeddable":true,"href":"https:\/\/www.europesays.com\/fr\/wp-json\/wp\/v2\/media\/120641"}],"wp:attachment":[{"href":"https:\/\/www.europesays.com\/fr\/wp-json\/wp\/v2\/media?parent=120640"}],"wp:term":[{"taxonomy":"category","embeddable":true,"href":"https:\/\/www.europesays.com\/fr\/wp-json\/wp\/v2\/categories?post=120640"},{"taxonomy":"post_tag","embeddable":true,"href":"https:\/\/www.europesays.com\/fr\/wp-json\/wp\/v2\/tags?post=120640"}],"curies":[{"name":"wp","href":"https:\/\/api.w.org\/{rel}","templated":true}]}}