{"id":120644,"date":"2025-05-22T23:44:09","date_gmt":"2025-05-22T23:44:09","guid":{"rendered":"https:\/\/www.europesays.com\/fr\/120644\/"},"modified":"2025-05-22T23:44:09","modified_gmt":"2025-05-22T23:44:09","slug":"previsions-du-vendredi-23-mai-2025-6","status":"publish","type":"post","link":"https:\/\/www.europesays.com\/fr\/120644\/","title":{"rendered":"pr\u00e9visions du vendredi 23 mai 2025"},"content":{"rendered":"<p>C&rsquo;est sous un ciel maussade que va se d\u00e9rouler la journ\u00e9e. Les nuages persistent sur Toulouse. Des pluies \u00e9parses vont tomber sur la ville. Les valeurs afficheront entre 9 et 21\u00b0C. Un vent d&rsquo;ouest rafra\u00eechira un peu l&rsquo;atmosph\u00e8re. Le matin, on anticipe des temp\u00e9ratures avoisinant 15\u00b0C. L&rsquo;apr\u00e8s-midi va rester couvert \u00e0 cause de nuages qui perdurent dans le ciel. En revanche, les temp\u00e9ratures vont enregistrer une augmentation de plusieurs degr\u00e9s. Les valeurs s&rsquo;\u00e9chelonneront entre 19 et 21\u00b0C. La grisaille ne se disperse toujours pas, il y aura encore des nuages le soir. Il faudra s&rsquo;attendre \u00e0 des perturbations, les Toulousains se retrouveront sous des pluies \u00e9parses. Les temp\u00e9ratures seront de 16\u00b0C. Durant la nuit de vendredi \u00e0 samedi, le ciel sera d\u00e9pourvu de nuages.<\/p>\n<p>Demain, les valeurs seront comprises entre 9 et 20\u00b0C \u00e0 Toulouse. Un petit vent de nord-ouest sera ressenti par les habitants. Cette matin\u00e9e sera synonyme de beau soleil. Le thermom\u00e8tre affichera 15\u00b0C en moyenne. Le ciel va s&rsquo;\u00e9claircir au cours de l&rsquo;apr\u00e8s-midi. C&rsquo;est une hausse de plusieurs degr\u00e9s que vont conna\u00eetre les temp\u00e9ratures. Il fera 20\u00b0C en moyenne. Il va faire en moyenne 17\u00b0C, demain soir.<\/p>\n<p>Les conditions m\u00e9t\u00e9orologiques des jours qui suivent vont changer progressivement. Apr\u00e8s un temps similaire dimanche, la situation changera lundi.<\/p>\n<p><\/p>\n","protected":false},"excerpt":{"rendered":"C&rsquo;est sous un ciel maussade que va se d\u00e9rouler la journ\u00e9e. Les nuages persistent sur Toulouse. Des pluies&hellip;\n","protected":false},"author":2,"featured_media":120645,"comment_status":"","ping_status":"","sticky":false,"template":"","format":"standard","meta":{"footnotes":""},"categories":[2816],"tags":[1111,11,1777,674,1011,27,2722,2721,12,2680,2119,25,2312],"class_list":{"0":"post-120644","1":"post","2":"type-post","3":"status-publish","4":"format-standard","5":"has-post-thumbnail","7":"category-toulouse","8":"tag-actu","9":"tag-actualites","10":"tag-eu","11":"tag-europe","12":"tag-fr","13":"tag-france","14":"tag-haute-garonne","15":"tag-midi-pyrenees","16":"tag-news","17":"tag-occitanie","18":"tag-previsions-meteo","19":"tag-republique-francaise","20":"tag-toulouse"},"share_on_mastodon":{"url":"https:\/\/pubeurope.com\/@fr\/114554146874024088","error":""},"_links":{"self":[{"href":"https:\/\/www.europesays.com\/fr\/wp-json\/wp\/v2\/posts\/120644","targetHints":{"allow":["GET"]}}],"collection":[{"href":"https:\/\/www.europesays.com\/fr\/wp-json\/wp\/v2\/posts"}],"about":[{"href":"https:\/\/www.europesays.com\/fr\/wp-json\/wp\/v2\/types\/post"}],"author":[{"embeddable":true,"href":"https:\/\/www.europesays.com\/fr\/wp-json\/wp\/v2\/users\/2"}],"replies":[{"embeddable":true,"href":"https:\/\/www.europesays.com\/fr\/wp-json\/wp\/v2\/comments?post=120644"}],"version-history":[{"count":0,"href":"https:\/\/www.europesays.com\/fr\/wp-json\/wp\/v2\/posts\/120644\/revisions"}],"wp:featuredmedia":[{"embeddable":true,"href":"https:\/\/www.europesays.com\/fr\/wp-json\/wp\/v2\/media\/120645"}],"wp:attachment":[{"href":"https:\/\/www.europesays.com\/fr\/wp-json\/wp\/v2\/media?parent=120644"}],"wp:term":[{"taxonomy":"category","embeddable":true,"href":"https:\/\/www.europesays.com\/fr\/wp-json\/wp\/v2\/categories?post=120644"},{"taxonomy":"post_tag","embeddable":true,"href":"https:\/\/www.europesays.com\/fr\/wp-json\/wp\/v2\/tags?post=120644"}],"curies":[{"name":"wp","href":"https:\/\/api.w.org\/{rel}","templated":true}]}}