{"id":120646,"date":"2025-05-22T23:45:12","date_gmt":"2025-05-22T23:45:12","guid":{"rendered":"https:\/\/www.europesays.com\/fr\/120646\/"},"modified":"2025-05-22T23:45:12","modified_gmt":"2025-05-22T23:45:12","slug":"les-mises-au-point-du-president-du-toulouse-fc-damien-comolli","status":"publish","type":"post","link":"https:\/\/www.europesays.com\/fr\/120646\/","title":{"rendered":"les mises au point du pr\u00e9sident du Toulouse FC, Damien Comolli"},"content":{"rendered":"<p>            Par<br \/>\n        <strong><br \/>\n            <a href=\"https:\/\/actu.fr\/auteur\/david-saint-sernin\" title=\"Consulter tous les articles de David Saint-Sernin\" rel=\"nofollow noopener\" target=\"_blank\">David Saint-Sernin<\/a><br \/>\n        <\/strong><\/p>\n<p>        Publi\u00e9 le<\/p>\n<p>            22 mai 2025 \u00e0 18h55<br \/>\n        ; mis \u00e0 jour le 22 mai 2025 \u00e0 19h15    <\/p>\n<p>Bilan de la saison, mercato \u00e0 venir, grand stade, vente du club\u2026 Jeudi 22\u00a0mai 2025, le pr\u00e9sident du <a href=\"https:\/\/actu.fr\/tag\/toulouse-football-club-tfc\" rel=\"nofollow noopener\" target=\"_blank\">Toulouse FC<\/a>, <strong>Damien Comolli<\/strong>, a \u00e9voqu\u00e9 toute l\u2019actualit\u00e9 du club,et ses ambitions pour la saison prochaine. Et le pr\u00e9sident avait des messages \u00e0 faire passer. Verbatim.<\/p>\n<p>Le bilan de la saison derni\u00e8re<\/p>\n<p class=\" wall-content\">\u00ab\u2009On a fait mieux que la saison pass\u00e9e, 10e contre 11e pour la saison 2023-2024. Il y a donc une progression. On pensait n\u00e9anmoins qu\u2019on pouvait faire mieux. Avait-on une \u00e9quipe pour terminer 4e\u2009? Je ne le crois pas.<strong> Mais, on pouvait \u00eatre mieux que 10e<\/strong>. Quand on regarde notre saison, on a fait tout bien sauf dans les deux surfaces o\u00f9 l\u2019on n\u2019a pas \u00e9t\u00e9 efficace. Puis, on est parti dans le d\u00e9cor \u00e0 certains moments de la saison. On a ausi eu une s\u00e9rie de blessures sur des joueurs titulaires, au m\u00eame moment. Enfin, il y a de la col\u00e8re contre nous-m\u00eame par rapport aux matchs \u00e0 domicile. On n\u2019arrive pas \u00e0 encha\u00eener les bons r\u00e9sultats \u00e0 domicile.\u00a014e club \u00e0 domicile ce n\u2019est pas entendable \u00a0(le club est class\u00e9 8e sur les matchs \u00e0 l\u2019ext\u00e9rieur, NDLR). On a loup\u00e9 des matchs cl\u00e9s\u2009\u00bb.<\/p>\n<p>Le jeu de l\u2019\u00e9quipe<\/p>\n<p class=\" wall-content\">\u00ab\u2009On a essay\u00e9 d\u2019\u00eatre consistant avec notre jeu de position. \u00catre 8e club de France \u00e0 l\u2019ext\u00e9rieur, cela pourrait faire dire qu\u2019on est plus \u00e0 l\u2019aise en contre-attaque.\u00a0Mais je ne veux pas qu\u2019on devienne une \u00e9quipe de transition. Tant que je serais le pr\u00e9sident du club, on ne sera pas ce genre d\u2019\u00e9quipe\u2009\u00bb.<\/p>\n<blockquote class=\"ac-article-quote wall-content\">\n<p>Amener la 3e ville de France r\u00e9guli\u00e8rement en Europe, c\u2019est toujours notre ambition.<\/p>\n<p>    <strong>Damien Comolli<\/strong>\n            <\/p><\/blockquote>\n<p>Les ambitions du club<\/p>\n<p class=\" wall-content\">\u00ab\u2009On se bat actuellement avec des \u00e9quipes qui ont cinq fois notre masse salariale. On a donc surperform\u00e9 par rapport \u00e0 notre budget, notre masse salariale. C\u2019est fort et tr\u00e8s important pour nous. Notre jeu, notre identit\u00e9, la data, cela nous permet de faire \u00e7a. Amener la 3e ville de France r\u00e9guli\u00e8rement en Europe, c\u2019est toujours notre ambition. <strong>Cela va devenir un challenge de plus en plus important en raison du contexte financier<\/strong>, mais c\u2019est possible\u2009\u00bb.<\/p>\n<p>Le mercato \u00e0 venir<\/p>\n<p class=\" wall-content\">\u00ab\u00a0C\u2019est le mercato qui repr\u00e9sentera<strong> le plus gros challenge pour le club<\/strong> depuis que Red Bird est arriv\u00e9. Cela va repr\u00e9senter une \u00e9preuve pour beaucoup d\u2019entre nous dans le foot fran\u00e7ais. <strong>On a perdu 40\u2009% de nos revenus commerciaux ind\u00e9pendamment de notre volont\u00e9<\/strong>, en raison notamment de la baisse des droits TV sur laquelle nous n\u2019avons pas de visibilit\u00e9. Nous avons \u00e9bauch\u00e9 plusieurs sc\u00e9narios\u00a0sur cette base. En fonction de \u00e7a, nous avons identifi\u00e9 des cibles, et nous avons des accords avec des joueurs. Mais il faudra vendre avant d\u2019acheter. Dans ce cadre, nous ouvrons la porte pour <strong>Zakaria Aboukhlal<\/strong>, mais pas pour <strong>Guillaume Restes<\/strong>. Dans le contexte actuel, c\u2019est un luxe de pouvoir choisir. Mais si un club nous propose un prix largement au-dessus de la valeur que nous estimons pour un joueur, nous laisserons partir ce joueur comme nous l\u2019avons toujours fait par le pass\u00e9.<\/p>\n<p>Vid\u00e9os : en ce moment sur ActuUn premier joueur recrut\u00e9<\/p>\n<p class=\" wall-content\">Nous avons un accord de principe avec <strong>Mario Sauer<\/strong> (un milieu slovaque en provenance du MSK Zilina, NDLR). Le transfert sera officialis\u00e9 plus tard. On est tr\u00e8s content de l\u2019avoir fait venir. Il va jouer l\u2019Euro Espoirs et apr\u00e8s cette comp\u00e9tition, il aurait certainement \u00e9t\u00e9 inatteignable pour nous financi\u00e8rement.<\/p>\n<blockquote class=\"ac-article-quote wall-content\">\n<p>On est le 3e centre de formation le plus pourvoyeur de joueurs en \u00e9quipe de France\u2009<\/p>\n<p>    <strong>Damien Comolli<\/strong>\n            <\/p><\/blockquote>\n<p>\u00ab\u2009Notre centre de formation, notre premier recrutement\u2009\u00bb<\/p>\n<p class=\" wall-content\">\u00ab\u2009Le centre de formation travaille bien et, \u00e0 l\u2019avenir, on veut gagner des titres en jeunes. On va faire signer six contrats pros ce qui confirme notre approche de faire un mix entre joueurs venus de l\u2019ext\u00e9rieur et joueurs du cru. Les joueurs du centre de formation, c\u2019est notre premier recrutement. Avant de prendre un joueur \u00e0 l\u2019ext\u00e9rieur, on regarde ce que l\u2019on a en interne. Il y a eu des progressions fulgurantes ces derniers temps. Il y a aussi des jeunes \u00e0 maturation lentes qu\u2019on attend. Quand ils sont pr\u00eats, on sait faire de la place \u00e0 nos jeunes. On est le 3e centre de formation le plus pourvoyeur de joueurs en \u00e9quipe de France\u2009\u00bb.<\/p>\n<p>La ferveur au Stadium<\/p>\n<p class=\" wall-content\">\u00ab\u2009Il y a une ferveur populaire au Stadium. Il y a trois ans, la moyenne de spectateurs \u00e9tait de 21\u2009000 spectateurs, elle est de 26\u2009200 cette saison. Plus de 5000 spectateurs en trois ans, c\u2019est \u00e9norme. Avec un chiffre int\u00e9ressant\u2009: depuis hier, et le lancement de la campagne d\u2019abonnement, 40\u2009% des abonn\u00e9s sont des nouveaux abonn\u00e9s. C\u2019est un chiffre qui nous a choqu\u00e9s. Cela montre que le club attire\u2009\u00bb.<\/p>\n<p>Un grand stade \u00e0 Toulouse\u2009?<\/p>\n<blockquote class=\"ac-article-quote wall-content\">\n<p>On a besoin, \u00e0 Toulouse, d\u2019un \u00e9quipement en rapport avec le plus grand club au monde de rugby et un club de foot qui veut devenir un grand club de foot.<\/p>\n<p>    <strong>Damien Comolli<\/strong>\n            <\/p><\/blockquote>\n<p class=\" wall-content\">\u00ab\u00a0<strong>On travaille \u00e9troitement avec Toulouse M\u00e9tropole<\/strong>. Et notre observation est toujours la m\u00eame. On a besoin, \u00e0 Toulouse, d\u2019un \u00e9quipement en rapport avec le plus grand club au monde de rugby et un club de foot qui veut devenir un grand club de foot.\u00a0\u00bb<\/p>\n<p>Une vente du club\u2009?<\/p>\n<p class=\" wall-content\">Le club n\u2019est pas \u00e0 vendre. Je le dis et redis depuis des semaines. RedBird n\u2019a pas mis le club en vente.<\/p>\n<p>Le d\u00e9but de saison\u2009: le FC S\u00e9ville en amical au Stadium<\/p>\n<p class=\" wall-content\">\u00ab\u00a0Apr\u00e8s un match amical contre Pau, puis un deuxi\u00e8me contre les Queens Park Rangers, le TFC jouera deux matchs amicaux en Autriche, lors de son stage d\u2019avant-saison. Pour terminer, il accueillera le FC S\u00e9ville pour un match de gala au Stadium. Il sera organis\u00e9 le 10\u00a0ao\u00fbt.<\/p>\n<p class=\" wall-content\">Suivez toute l\u2019actualit\u00e9 de vos villes et m\u00e9dias favoris en vous inscrivant \u00e0 <a href=\"https:\/\/moncompte.actu.fr\" title=\"D\u00e9couvez Mon Actu\" rel=\"nofollow noopener\" data-trk=\"{&quot;cta&quot;:{&quot;action&quot;:&quot;https:\\\/\\\/moncompte.actu.fr&quot;,&quot;category&quot;:&quot;mon compte&quot;,&quot;from&quot;:&quot;article footer&quot;,&quot;name&quot;:&quot;Mon actu&quot;,&quot;type&quot;:&quot;cta&quot;}}\" target=\"_blank\">Mon Actu<\/a>.<\/p>\n<ul class=\"ac-article-tag wall-content\">\n<li><a href=\"https:\/\/actu.fr\/tag\/toulouse-football-club-tfc\" data-trk=\"{&quot;cta&quot;:{&quot;action&quot;:&quot;Toulouse Football Club (TFC)&quot;,&quot;category&quot;:&quot;tag&quot;,&quot;from&quot;:&quot;article footer&quot;,&quot;name&quot;:&quot;Toulouse Football Club (TFC)&quot;,&quot;type&quot;:&quot;cta&quot;}}\" rel=\"nofollow noopener\" target=\"_blank\">#Toulouse Football Club (TFC)<\/a><\/li>\n<\/ul>\n","protected":false},"excerpt":{"rendered":"Par David Saint-Sernin Publi\u00e9 le 22 mai 2025 \u00e0 18h55 ; mis \u00e0 jour le 22 mai 2025&hellip;\n","protected":false},"author":2,"featured_media":120647,"comment_status":"","ping_status":"","sticky":false,"template":"","format":"standard","meta":{"footnotes":""},"categories":[2816],"tags":[1111,11,1777,674,63,1011,27,12,2680,25,60,2312,4159],"class_list":{"0":"post-120646","1":"post","2":"type-post","3":"status-publish","4":"format-standard","5":"has-post-thumbnail","7":"category-toulouse","8":"tag-actu","9":"tag-actualites","10":"tag-eu","11":"tag-europe","12":"tag-football","13":"tag-fr","14":"tag-france","15":"tag-news","16":"tag-occitanie","17":"tag-republique-francaise","18":"tag-sports","19":"tag-toulouse","20":"tag-toulouse-football-club-tfc"},"share_on_mastodon":{"url":"https:\/\/pubeurope.com\/@fr\/114554150803733268","error":""},"_links":{"self":[{"href":"https:\/\/www.europesays.com\/fr\/wp-json\/wp\/v2\/posts\/120646","targetHints":{"allow":["GET"]}}],"collection":[{"href":"https:\/\/www.europesays.com\/fr\/wp-json\/wp\/v2\/posts"}],"about":[{"href":"https:\/\/www.europesays.com\/fr\/wp-json\/wp\/v2\/types\/post"}],"author":[{"embeddable":true,"href":"https:\/\/www.europesays.com\/fr\/wp-json\/wp\/v2\/users\/2"}],"replies":[{"embeddable":true,"href":"https:\/\/www.europesays.com\/fr\/wp-json\/wp\/v2\/comments?post=120646"}],"version-history":[{"count":0,"href":"https:\/\/www.europesays.com\/fr\/wp-json\/wp\/v2\/posts\/120646\/revisions"}],"wp:featuredmedia":[{"embeddable":true,"href":"https:\/\/www.europesays.com\/fr\/wp-json\/wp\/v2\/media\/120647"}],"wp:attachment":[{"href":"https:\/\/www.europesays.com\/fr\/wp-json\/wp\/v2\/media?parent=120646"}],"wp:term":[{"taxonomy":"category","embeddable":true,"href":"https:\/\/www.europesays.com\/fr\/wp-json\/wp\/v2\/categories?post=120646"},{"taxonomy":"post_tag","embeddable":true,"href":"https:\/\/www.europesays.com\/fr\/wp-json\/wp\/v2\/tags?post=120646"}],"curies":[{"name":"wp","href":"https:\/\/api.w.org\/{rel}","templated":true}]}}