{"id":120648,"date":"2025-05-22T23:46:11","date_gmt":"2025-05-22T23:46:11","guid":{"rendered":"https:\/\/www.europesays.com\/fr\/120648\/"},"modified":"2025-05-22T23:46:11","modified_gmt":"2025-05-22T23:46:11","slug":"un-exploitant-de-manege-place-sous-controle-judiciaire-apres-un-accident-la-victime-etait-mal-accrochee-2","status":"publish","type":"post","link":"https:\/\/www.europesays.com\/fr\/120648\/","title":{"rendered":"Un exploitant de man\u00e8ge plac\u00e9 sous contr\u00f4le judiciaire apr\u00e8s un accident, la victime \u00e9tait mal accroch\u00e9e"},"content":{"rendered":"<p>A Lille, la victime du man\u00e8ge n\u2019\u00e9tait pas accroch\u00e9e correctement \u00e0 son si\u00e8ge, a r\u00e9v\u00e9l\u00e9 ce jeudi le journal <a href=\"https:\/\/www.lavoixdunord.fr\/1588351\/article\/2025-05-22\/accident-de-manege-lors-de-madame-loyal-la-victime-n-etait-pas-correctement\" target=\"_blank\" class=\"color-ultramarine c-link\" rel=\"noopener\">La Voix du Nord<\/a>. Dans la nuit du 9 au 10\u00a0mai \u00e0 Lille Grand Palais, lors du festival <a href=\"https:\/\/www.instagram.com\/madameloyalfestival\/?hl=fr\" target=\"_blank\" class=\"color-ultramarine c-link\" rel=\"noopener\">Madame Loyal<\/a>, <a href=\"https:\/\/www.20minutes.fr\/faits_divers\/faits-divers-lille\/4152742-20250510-lille-jeune-femme-grievement-blessee-apres-avoir-ejectee-manege\" class=\"color-ultramarine c-link\" target=\"_blank\" rel=\"noopener\">une femme de 28 ans <\/a>avait chut\u00e9 d\u2019un man\u00e8ge quelques minutes apr\u00e8s la mise en marche de l\u2019\u00e9quipement. Elle a \u00e9t\u00e9 retrouv\u00e9e au sol gri\u00e8vement bless\u00e9e.<\/p>\n<p>Une enqu\u00eate avait \u00e9t\u00e9 ouverte pour \u00ab\u00a0blessures involontaires suite \u00e0 une violation manifestement d\u00e9lib\u00e9r\u00e9e d\u2019une obligation de prudence ou de s\u00e9curit\u00e9 par l\u2019exploitant du man\u00e8ge\u00a0\u00bb. Selon la procureure de la R\u00e9publique, les investigations ont montr\u00e9 que \u00ab\u00a0la victime n\u2019\u00e9tait pas accroch\u00e9e correctement et que l\u2019exploitant du man\u00e8ge n\u2019avait pas v\u00e9rifi\u00e9 un \u00e0 un si les clients \u00e9taient bien attach\u00e9s au moment o\u00f9 il a r\u00e9cup\u00e9r\u00e9 les tickets\u00a0\u00bb.<\/p>\n<p>La victime a quitt\u00e9 l\u2019h\u00f4pital avec un arr\u00eat de travail d\u2019un mois<\/p>\n<p>La responsabilit\u00e9 du g\u00e9rant est sans \u00e9quivoque\u00a0: \u00ab\u00a0Il a mis en marche le man\u00e8ge et a quitt\u00e9 les lieux sans rester \u00e0 proximit\u00e9\u00a0\u00bb, ce qui l\u2019a emp\u00each\u00e9 \u00ab\u00a0de r\u00e9agir rapidement en actionnant le bouton d\u2019arr\u00eat d\u2019urgence\u00a0\u00bb, a livr\u00e9 Carole Etienne, la procureure de la R\u00e9publique.<\/p>\n<p>Apr\u00e8s plusieurs jours d\u2019hospitalisation, la jeune femme a pu rejoindre son domicile avec un arr\u00eat l\u00e9gal de travail (ITT) d\u2019un mois. Toujours selon le quotidien r\u00e9gional, l\u2019exploitant mis en cause a \u00e9t\u00e9 plac\u00e9 sous contr\u00f4le judiciaire, avec une <a href=\"https:\/\/www.20minutes.fr\/justice\/4153122-20250512-lille-apres-chute-cliente-exploitant-manege-juge\" class=\"color-ultramarine c-link\" target=\"_blank\" rel=\"noopener\">convocation au tribunal judiciaire<\/a> de Lille le 22\u00a0octobre prochain.<\/p>\n<p><script async src=\"\/\/www.instagram.com\/embed.js\"><\/script><\/p>\n","protected":false},"excerpt":{"rendered":"A Lille, la victime du man\u00e8ge n\u2019\u00e9tait pas accroch\u00e9e correctement \u00e0 son si\u00e8ge, a r\u00e9v\u00e9l\u00e9 ce jeudi le&hellip;\n","protected":false},"author":2,"featured_media":120649,"comment_status":"","ping_status":"","sticky":false,"template":"","format":"standard","meta":{"footnotes":""},"categories":[2815],"tags":[119,1111,11,1777,674,118,4768,1011,27,811,303,1307,12,1308,1309,1306,25],"class_list":{"0":"post-120648","1":"post","2":"type-post","3":"status-publish","4":"format-standard","5":"has-post-thumbnail","7":"category-lille","8":"tag-accident","9":"tag-actu","10":"tag-actualites","11":"tag-eu","12":"tag-europe","13":"tag-faits-divers","14":"tag-fete","15":"tag-fr","16":"tag-france","17":"tag-hauts-de-france","18":"tag-justice","19":"tag-lille","20":"tag-news","21":"tag-nord","22":"tag-nord-pas-de-calais","23":"tag-regions","24":"tag-republique-francaise"},"share_on_mastodon":{"url":"https:\/\/pubeurope.com\/@fr\/114554154772077417","error":""},"_links":{"self":[{"href":"https:\/\/www.europesays.com\/fr\/wp-json\/wp\/v2\/posts\/120648","targetHints":{"allow":["GET"]}}],"collection":[{"href":"https:\/\/www.europesays.com\/fr\/wp-json\/wp\/v2\/posts"}],"about":[{"href":"https:\/\/www.europesays.com\/fr\/wp-json\/wp\/v2\/types\/post"}],"author":[{"embeddable":true,"href":"https:\/\/www.europesays.com\/fr\/wp-json\/wp\/v2\/users\/2"}],"replies":[{"embeddable":true,"href":"https:\/\/www.europesays.com\/fr\/wp-json\/wp\/v2\/comments?post=120648"}],"version-history":[{"count":0,"href":"https:\/\/www.europesays.com\/fr\/wp-json\/wp\/v2\/posts\/120648\/revisions"}],"wp:featuredmedia":[{"embeddable":true,"href":"https:\/\/www.europesays.com\/fr\/wp-json\/wp\/v2\/media\/120649"}],"wp:attachment":[{"href":"https:\/\/www.europesays.com\/fr\/wp-json\/wp\/v2\/media?parent=120648"}],"wp:term":[{"taxonomy":"category","embeddable":true,"href":"https:\/\/www.europesays.com\/fr\/wp-json\/wp\/v2\/categories?post=120648"},{"taxonomy":"post_tag","embeddable":true,"href":"https:\/\/www.europesays.com\/fr\/wp-json\/wp\/v2\/tags?post=120648"}],"curies":[{"name":"wp","href":"https:\/\/api.w.org\/{rel}","templated":true}]}}