{"id":120654,"date":"2025-05-22T23:49:10","date_gmt":"2025-05-22T23:49:10","guid":{"rendered":"https:\/\/www.europesays.com\/fr\/120654\/"},"modified":"2025-05-22T23:49:10","modified_gmt":"2025-05-22T23:49:10","slug":"previsions-du-vendredi-23-mai-2025-7","status":"publish","type":"post","link":"https:\/\/www.europesays.com\/fr\/120654\/","title":{"rendered":"pr\u00e9visions du vendredi 23 mai 2025"},"content":{"rendered":"<p>Le soleil sera au rendez-vous \u00e0 Marseille : une magnifique journ\u00e9e se pr\u00e9sente ! Les temp\u00e9ratures tourneront autour des 18\u00b0C. La ville sera touch\u00e9e par un vent de nord-ouest de 36 km\/h. Il fera 18\u00b0C en moyenne le matin. Une m\u00e9t\u00e9o plus chaude est \u00e0 pr\u00e9voir l&rsquo;apr\u00e8s-midi puisque le mercure va conna\u00eetre une hausse. Les valeurs s&rsquo;\u00e9chelonneront entre 21 et 22\u00b0C. On s&rsquo;attend \u00e0 une nuit claire entre vendredi et samedi.<\/p>\n<p>Demain, un grand soleil rayonnera sur Marseille. Il va faire environ 18\u00b0C. Un modeste vent de nord-ouest sera ressenti par les habitants. Les temp\u00e9ratures afficheront entre 20\u00b0C et 22\u00b0C dans l&rsquo;apr\u00e8s-midi.<\/p>\n<p>Les jours passent et se ressemblent. Le temps sera ensoleill\u00e9 avec des temp\u00e9ratures avoisinant 20\u00b0C.<\/p>\n<p><\/p>\n","protected":false},"excerpt":{"rendered":"Le soleil sera au rendez-vous \u00e0 Marseille : une magnifique journ\u00e9e se pr\u00e9sente ! Les temp\u00e9ratures tourneront autour&hellip;\n","protected":false},"author":2,"featured_media":120655,"comment_status":"","ping_status":"","sticky":false,"template":"","format":"standard","meta":{"footnotes":""},"categories":[2814],"tags":[1111,11,885,1777,674,1011,27,884,12,883,2119,882,25],"class_list":{"0":"post-120654","1":"post","2":"type-post","3":"status-publish","4":"format-standard","5":"has-post-thumbnail","7":"category-marseille","8":"tag-actu","9":"tag-actualites","10":"tag-bouches-du-rhone","11":"tag-eu","12":"tag-europe","13":"tag-fr","14":"tag-france","15":"tag-marseille","16":"tag-news","17":"tag-paca","18":"tag-previsions-meteo","19":"tag-provence-alpes-cote-dazur","20":"tag-republique-francaise"},"share_on_mastodon":{"url":"https:\/\/pubeurope.com\/@fr\/114554166437058959","error":""},"_links":{"self":[{"href":"https:\/\/www.europesays.com\/fr\/wp-json\/wp\/v2\/posts\/120654","targetHints":{"allow":["GET"]}}],"collection":[{"href":"https:\/\/www.europesays.com\/fr\/wp-json\/wp\/v2\/posts"}],"about":[{"href":"https:\/\/www.europesays.com\/fr\/wp-json\/wp\/v2\/types\/post"}],"author":[{"embeddable":true,"href":"https:\/\/www.europesays.com\/fr\/wp-json\/wp\/v2\/users\/2"}],"replies":[{"embeddable":true,"href":"https:\/\/www.europesays.com\/fr\/wp-json\/wp\/v2\/comments?post=120654"}],"version-history":[{"count":0,"href":"https:\/\/www.europesays.com\/fr\/wp-json\/wp\/v2\/posts\/120654\/revisions"}],"wp:featuredmedia":[{"embeddable":true,"href":"https:\/\/www.europesays.com\/fr\/wp-json\/wp\/v2\/media\/120655"}],"wp:attachment":[{"href":"https:\/\/www.europesays.com\/fr\/wp-json\/wp\/v2\/media?parent=120654"}],"wp:term":[{"taxonomy":"category","embeddable":true,"href":"https:\/\/www.europesays.com\/fr\/wp-json\/wp\/v2\/categories?post=120654"},{"taxonomy":"post_tag","embeddable":true,"href":"https:\/\/www.europesays.com\/fr\/wp-json\/wp\/v2\/tags?post=120654"}],"curies":[{"name":"wp","href":"https:\/\/api.w.org\/{rel}","templated":true}]}}