{"id":120658,"date":"2025-05-22T23:51:19","date_gmt":"2025-05-22T23:51:19","guid":{"rendered":"https:\/\/www.europesays.com\/fr\/120658\/"},"modified":"2025-05-22T23:51:19","modified_gmt":"2025-05-22T23:51:19","slug":"coups-de-feu-pres-de-lyon-un-homme-blesse-par-balle-lauteur-des-tirs-recherche","status":"publish","type":"post","link":"https:\/\/www.europesays.com\/fr\/120658\/","title":{"rendered":"Coups de feu pr\u00e8s de Lyon : un homme bless\u00e9 par balle, l&rsquo;auteur des tirs recherch\u00e9"},"content":{"rendered":"<p>Un jeune homme de 25 ans a \u00e9t\u00e9 bless\u00e9 par balle, ce jeudi 22 mai, dans le quartier des Minguettes \u00e0 V\u00e9nissieux. L&rsquo;auteur des tirs est activement recherch\u00e9.<\/p>\n<p>Les faits se sont produits en d\u00e9but d&rsquo;apr\u00e8s-midi. Ce jeudi 22 mai, des coups de feu ont retenti dans le quartier des Minguettes, \u00e0 <b>V\u00e9nissieux<\/b>,\u00a0pr\u00e8s de Lyon.<\/p>\n<p>Un bless\u00e9 par balle \u00e0 V\u00e9nissieux, l&rsquo;auteur des tirs recherch\u00e9<\/p>\n<p>Il \u00e9tait environ 14h lorsqu&rsquo;<b>un jeune homme de 25 ans a \u00e9t\u00e9 bless\u00e9 par une balle<\/b> au niveau de l&rsquo;avenue de la Division Leclerc.<\/p>\n<p>Touch\u00e9e au post\u00e9rieur, la victime est connue de la police pour trafic de drogue. Elle a \u00e9t\u00e9 \u00e9vacu\u00e9e \u00e0 l&rsquo;h\u00f4pital, mais ses jours ne sont pas en danger selon <a class=\"url\" href=\"https:\/\/www.leprogres.fr\/faits-divers-justice\/2025\/05\/22\/tirs-armes-a-feu-aux-minguettes-a-venissieux-un-blesse-grave\" target=\"_blank\" rel=\"nofollow noopener\">Le Progr\u00e8s<\/a>.<\/p>\n<p>L&rsquo;auteur des tirs a pris la fuite et est activement recherch\u00e9 par la police. Il pourrait s&rsquo;agir d&rsquo;un r\u00e8glement de compte.<\/p>\n<p><img loading=\"lazy\" decoding=\"async\" src=\"https:\/\/www.europesays.com\/fr\/wp-content\/uploads\/2025\/05\/1747957879_831_img\" width=\"350\" height=\"200\" border=\"0\" title=\"La Police nationale.\"\/><\/p>\n<p>\u25baFaits divers<\/p>\n<p style=\"font-size: 22px;\"><b>V\u00e9nissieux : les policiers saisissent 30.000 euros dans une voiture<\/b><\/p>\n<p>Un contr\u00f4le routier men\u00e9 ce mercredi 21 mai pr\u00e8s&#8230;<\/p>\n<p><\/p>\n","protected":false},"excerpt":{"rendered":"Un jeune homme de 25 ans a \u00e9t\u00e9 bless\u00e9 par balle, ce jeudi 22 mai, dans le quartier&hellip;\n","protected":false},"author":2,"featured_media":120659,"comment_status":"","ping_status":"","sticky":false,"template":"","format":"standard","meta":{"footnotes":""},"categories":[1889],"tags":[1111,11,10268,2430,5143,1777,674,6017,1011,27,2428,24242,12,1072,24243,25,9655,5430],"class_list":{"0":"post-120658","1":"post","2":"type-post","3":"status-publish","4":"format-standard","5":"has-post-thumbnail","7":"category-lyon","8":"tag-actu","9":"tag-actualites","10":"tag-arme","11":"tag-auvergne-rhone-alpes","12":"tag-coups-de-feu","13":"tag-eu","14":"tag-europe","15":"tag-fait-divers","16":"tag-fr","17":"tag-france","18":"tag-lyon","19":"tag-minguettes","20":"tag-news","21":"tag-police","22":"tag-prs-de-lyon","23":"tag-republique-francaise","24":"tag-tirs","25":"tag-vnissieux"},"share_on_mastodon":{"url":"https:\/\/pubeurope.com\/@fr\/114554174431166387","error":""},"_links":{"self":[{"href":"https:\/\/www.europesays.com\/fr\/wp-json\/wp\/v2\/posts\/120658","targetHints":{"allow":["GET"]}}],"collection":[{"href":"https:\/\/www.europesays.com\/fr\/wp-json\/wp\/v2\/posts"}],"about":[{"href":"https:\/\/www.europesays.com\/fr\/wp-json\/wp\/v2\/types\/post"}],"author":[{"embeddable":true,"href":"https:\/\/www.europesays.com\/fr\/wp-json\/wp\/v2\/users\/2"}],"replies":[{"embeddable":true,"href":"https:\/\/www.europesays.com\/fr\/wp-json\/wp\/v2\/comments?post=120658"}],"version-history":[{"count":0,"href":"https:\/\/www.europesays.com\/fr\/wp-json\/wp\/v2\/posts\/120658\/revisions"}],"wp:featuredmedia":[{"embeddable":true,"href":"https:\/\/www.europesays.com\/fr\/wp-json\/wp\/v2\/media\/120659"}],"wp:attachment":[{"href":"https:\/\/www.europesays.com\/fr\/wp-json\/wp\/v2\/media?parent=120658"}],"wp:term":[{"taxonomy":"category","embeddable":true,"href":"https:\/\/www.europesays.com\/fr\/wp-json\/wp\/v2\/categories?post=120658"},{"taxonomy":"post_tag","embeddable":true,"href":"https:\/\/www.europesays.com\/fr\/wp-json\/wp\/v2\/tags?post=120658"}],"curies":[{"name":"wp","href":"https:\/\/api.w.org\/{rel}","templated":true}]}}