{"id":120660,"date":"2025-05-22T23:53:14","date_gmt":"2025-05-22T23:53:14","guid":{"rendered":"https:\/\/www.europesays.com\/fr\/120660\/"},"modified":"2025-05-22T23:53:14","modified_gmt":"2025-05-22T23:53:14","slug":"fast-and-furious-en-ile-de-france-chaque-week-end-un-jeu-du-chat-de-la-souris-entre-les-adeptes-et-la-police","status":"publish","type":"post","link":"https:\/\/www.europesays.com\/fr\/120660\/","title":{"rendered":"\u00ab\u00a0Fast and Furious\u00a0\u00bb en \u00cele-de-France\u00a0: chaque week-end, un jeu du chat de la souris entre les adeptes et la police"},"content":{"rendered":"<p class=\"paragraph text_align_left\">Chaque week-end, les forces de l\u2019ordre se mettent en veille sur les r\u00e9seaux sociaux. \u00ab Mais les organisateurs se sont adapt\u00e9s. Ils sont les plus discrets possibles sur le lieu de rassemblement, qui se fait par le bouche-\u00e0-oreille \u00bb, rapporte-t-on en pr\u00e9fecture de <a href=\"https:\/\/www.leparisien.fr\/seine-et-marne-77\/seine-et-marne-deux-spectateurs-fauches-par-une-voiture-folle-lors-dun-run-au-carre-senart-04-05-2023-XDMX6BPGURD4HPCOTT7WRU2VDQ.php?ts=1747596897914\" target=\"_self\" rel=\"nofollow noopener\">Seine-et-Marne<\/a>. \u00ab Il n\u2019y a pas de brigade d\u00e9di\u00e9e, mais une mobilisation de toutes les unit\u00e9s concern\u00e9es, renforc\u00e9es si besoin sur les principales zones touch\u00e9es par ce ph\u00e9nom\u00e8ne \u00bb, compl\u00e8te la pr\u00e9fecture des <a href=\"https:\/\/www.leparisien.fr\/yvelines-78\/du-val-doise-aux-yvelines-le-rodeo-urbain-de-200-fans-de-tuning-interrompu-par-les-policiers-22-03-2025-NNUSVFOWGJHENFAIEOC5TYFZPI.php\" target=\"_self\" rel=\"nofollow noopener\">Yvelines<\/a>.<\/p>\n","protected":false},"excerpt":{"rendered":"Chaque week-end, les forces de l\u2019ordre se mettent en veille sur les r\u00e9seaux sociaux. \u00ab Mais les organisateurs&hellip;\n","protected":false},"author":2,"featured_media":120661,"comment_status":"","ping_status":"","sticky":false,"template":"","format":"standard","meta":{"footnotes":""},"categories":[1592],"tags":[1111,11,646,1777,674,1011,27,662,1944,12,626,25],"class_list":{"0":"post-120660","1":"post","2":"type-post","3":"status-publish","4":"format-standard","5":"has-post-thumbnail","7":"category-ile-de-france","8":"tag-actu","9":"tag-actualites","10":"tag-automobile","11":"tag-eu","12":"tag-europe","13":"tag-fr","14":"tag-france","15":"tag-ile-de-france","16":"tag-ma-ville","17":"tag-news","18":"tag-paris","19":"tag-republique-francaise"},"share_on_mastodon":{"url":"https:\/\/pubeurope.com\/@fr\/114554182265415036","error":""},"_links":{"self":[{"href":"https:\/\/www.europesays.com\/fr\/wp-json\/wp\/v2\/posts\/120660","targetHints":{"allow":["GET"]}}],"collection":[{"href":"https:\/\/www.europesays.com\/fr\/wp-json\/wp\/v2\/posts"}],"about":[{"href":"https:\/\/www.europesays.com\/fr\/wp-json\/wp\/v2\/types\/post"}],"author":[{"embeddable":true,"href":"https:\/\/www.europesays.com\/fr\/wp-json\/wp\/v2\/users\/2"}],"replies":[{"embeddable":true,"href":"https:\/\/www.europesays.com\/fr\/wp-json\/wp\/v2\/comments?post=120660"}],"version-history":[{"count":0,"href":"https:\/\/www.europesays.com\/fr\/wp-json\/wp\/v2\/posts\/120660\/revisions"}],"wp:featuredmedia":[{"embeddable":true,"href":"https:\/\/www.europesays.com\/fr\/wp-json\/wp\/v2\/media\/120661"}],"wp:attachment":[{"href":"https:\/\/www.europesays.com\/fr\/wp-json\/wp\/v2\/media?parent=120660"}],"wp:term":[{"taxonomy":"category","embeddable":true,"href":"https:\/\/www.europesays.com\/fr\/wp-json\/wp\/v2\/categories?post=120660"},{"taxonomy":"post_tag","embeddable":true,"href":"https:\/\/www.europesays.com\/fr\/wp-json\/wp\/v2\/tags?post=120660"}],"curies":[{"name":"wp","href":"https:\/\/api.w.org\/{rel}","templated":true}]}}