{"id":120662,"date":"2025-05-22T23:54:30","date_gmt":"2025-05-22T23:54:30","guid":{"rendered":"https:\/\/www.europesays.com\/fr\/120662\/"},"modified":"2025-05-22T23:54:30","modified_gmt":"2025-05-22T23:54:30","slug":"video-les-taxis-manifestent-de-pau-a-paris-on-fait-le-point-au-4e-jour-de-la-mobilisation","status":"publish","type":"post","link":"https:\/\/www.europesays.com\/fr\/120662\/","title":{"rendered":"VID\u00c9O &#8211; Les taxis manifestent de Pau \u00e0 Paris : on fait le point au 4e jour de la mobilisation"},"content":{"rendered":"<p>Depuis lundi, l&rsquo;intersyndicale des taxis a entam\u00e9 une mobilisation massive pour protester contre un projet de nouvelle tarification de l&rsquo;Assurance maladie sur les transports de malades par des chauffeurs de taxi conventionn\u00e9s.<\/p>\n<p data-module=\"article-paragraph\" class=\"jsx-362436225 Paragraph Paragraph__End\">Des centaines de taxis manifestaient jeudi pour le quatri\u00e8me jour cons\u00e9cutif contr<a href=\"https:\/\/www.tf1info.fr\/transports\/paris-marseille-lyon-bordeaux-pourquoi-les-taxis-manifestent-dans-les-grandes-villes-francaises-ce-lundi-2371678.html\" target=\"_blank\" rel=\"noopener\">e les nouvelles conditions du transport sanitaire et la concurrence des VTC<\/a>. A Pau (Pyr\u00e9n\u00e9es-Atlantiques), devenu un des centres de la mobilisation parce que c&rsquo;est la ville du Premier ministre Fran\u00e7ois Bayrou, des centaines de taxis, 100 selon la police,\u00a0\u00e9taient encore mobilis\u00e9s jeudi matin, selon St\u00e9phane Abeilhou, l&rsquo;un des repr\u00e9sentants des taxis venus d&rsquo;Occitanie.<\/p>\n<ul class=\"jsx-3657663356 ReadMoreArticle__List flex flex-column\">\n<li class=\"jsx-3657663356\"><a href=\"https:\/\/www.tf1info.fr\/transports\/paris-marseille-lyon-bordeaux-pourquoi-les-taxis-manifestent-dans-les-grandes-villes-francaises-ce-lundi-2371678.html\" rel=\"noopener\" class=\"jsx-4233824444 Link flex\" target=\"_blank\"><img decoding=\"async\" src=\"https:\/\/www.europesays.com\/fr\/wp-content\/uploads\/2025\/05\/taxis-en-colere-a-paris-72341c-0@1x.jpeg\" alt=\"Taxis en col\u00e8re \u00e0 Paris.\" loading=\"lazy\" importance=\"low\" fetchpriority=\"low\" class=\"\"\/>\n<p class=\"jsx-3657663356 ReadMoreArticle__Title\">Lire aussi<\/p>\n<p class=\"jsx-3657663356\">Pourquoi les taxis manifestent dans les grandes villes fran\u00e7aises ce lundi<\/p>\n<p><\/a><\/li>\n<\/ul>\n<p data-module=\"article-paragraph\" class=\"jsx-362436225 Paragraph Paragraph__End\">\u00c0 Paris, plusieurs centaines de taxis venus de toute la France bloquaient toujours le boulevard Raspail, pr\u00e8s du minist\u00e8re des Transports, a indiqu\u00e9 l&rsquo;association Elite Taxi, qui d\u00e9fend les int\u00e9r\u00eats de la profession. Et un barrage filtrant a \u00e9t\u00e9 mis en place \u00e0 l&rsquo;entr\u00e9e de l&rsquo;a\u00e9roport Charles-de-Gaulle par une vingtaine de taxis, selon un des organisateurs.<\/p>\n<p>140km de bouchons aux abords de la capitale vers 14h30<\/p>\n<p data-module=\"article-paragraph\" class=\"jsx-362436225 Paragraph\">Actuellement, une op\u00e9ration escargot se d\u00e9roule sur l&rsquo;autoroute l&rsquo;A1 en direction de Paris, rel\u00e8ve Sytadin, entre Roissy et Porte de la Chapelle. \u00ab\u00a0Le cort\u00e8ge se d\u00e9place \u00e0 tr\u00e8s faible vitesse et occupe l&rsquo;int\u00e9gralit\u00e9 des voies de circulation. La circulation est tr\u00e8s difficile en amont du cort\u00e8ge\u00a0\u00bb, note le site de la direction des routes d&rsquo;Ile-de-France, aux alentours de 14h30.\u00a0<\/p>\n<p data-module=\"article-paragraph\" class=\"jsx-362436225 Paragraph Paragraph__End\">Toujours selon Sytadin, la circulation est \u00e9galement \u00ab\u00a0difficile\u00a0\u00bb sur la N118 vers Paris, entre V\u00e9lizy et Pont de S\u00e8vres. Des perturbations sont aussi relev\u00e9es sur l&rsquo;A6 vers Paris, entre Ris-Orangis et Pte d&rsquo;Orl\u00e9ans.\u00a0<\/p>\n<p>La r\u00e9daction de TF1info<\/p>\n","protected":false},"excerpt":{"rendered":"Depuis lundi, l&rsquo;intersyndicale des taxis a entam\u00e9 une mobilisation massive pour protester contre un projet de nouvelle tarification&hellip;\n","protected":false},"author":2,"featured_media":120663,"comment_status":"","ping_status":"","sticky":false,"template":"","format":"standard","meta":{"footnotes":""},"categories":[1888],"tags":[1111,1928,11,1927,1921,1777,674,1011,27,431,1922,12771,12,1926,626,1925,25,133,8191],"class_list":{"0":"post-120662","1":"post","2":"type-post","3":"status-publish","4":"format-standard","5":"has-post-thumbnail","7":"category-paris","8":"tag-actu","9":"tag-actu-paris","10":"tag-actualites","11":"tag-actualites-paris","12":"tag-article-video","13":"tag-eu","14":"tag-europe","15":"tag-fr","16":"tag-france","17":"tag-francois-bayrou","18":"tag-info","19":"tag-mouvements-sociaux","20":"tag-news","21":"tag-news-paris","22":"tag-paris","23":"tag-paris-news","24":"tag-republique-francaise","25":"tag-video","26":"tag-video-transports"},"share_on_mastodon":{"url":"https:\/\/pubeurope.com\/@fr\/114554186214879528","error":""},"_links":{"self":[{"href":"https:\/\/www.europesays.com\/fr\/wp-json\/wp\/v2\/posts\/120662","targetHints":{"allow":["GET"]}}],"collection":[{"href":"https:\/\/www.europesays.com\/fr\/wp-json\/wp\/v2\/posts"}],"about":[{"href":"https:\/\/www.europesays.com\/fr\/wp-json\/wp\/v2\/types\/post"}],"author":[{"embeddable":true,"href":"https:\/\/www.europesays.com\/fr\/wp-json\/wp\/v2\/users\/2"}],"replies":[{"embeddable":true,"href":"https:\/\/www.europesays.com\/fr\/wp-json\/wp\/v2\/comments?post=120662"}],"version-history":[{"count":0,"href":"https:\/\/www.europesays.com\/fr\/wp-json\/wp\/v2\/posts\/120662\/revisions"}],"wp:featuredmedia":[{"embeddable":true,"href":"https:\/\/www.europesays.com\/fr\/wp-json\/wp\/v2\/media\/120663"}],"wp:attachment":[{"href":"https:\/\/www.europesays.com\/fr\/wp-json\/wp\/v2\/media?parent=120662"}],"wp:term":[{"taxonomy":"category","embeddable":true,"href":"https:\/\/www.europesays.com\/fr\/wp-json\/wp\/v2\/categories?post=120662"},{"taxonomy":"post_tag","embeddable":true,"href":"https:\/\/www.europesays.com\/fr\/wp-json\/wp\/v2\/tags?post=120662"}],"curies":[{"name":"wp","href":"https:\/\/api.w.org\/{rel}","templated":true}]}}