{"id":120666,"date":"2025-05-22T23:56:08","date_gmt":"2025-05-22T23:56:08","guid":{"rendered":"https:\/\/www.europesays.com\/fr\/120666\/"},"modified":"2025-05-22T23:56:08","modified_gmt":"2025-05-22T23:56:08","slug":"un-rassemblement-festif-sest-tenu-a-paris-contre-les-coupes-budgetaires-dans-la-culture","status":"publish","type":"post","link":"https:\/\/www.europesays.com\/fr\/120666\/","title":{"rendered":"Un rassemblement festif s\u2019est tenu \u00e0 Paris contre les coupes budg\u00e9taires dans la culture"},"content":{"rendered":"<p>Artistes, techniciens, d\u00e9fenseurs de la culture et leurs syndicats se sont rassembl\u00e9s ce jeudi 22\u00a0mai 2025 \u00e0 Paris pour protester contre les <a href=\"https:\/\/lemans.maville.com\/actu\/actudet_-coupes-budgetaires-dans-la-culture-ca-y-est-les-repercussions-sont-concretes-_52734-6703621_actu.Htm\" target=\"_self\" rel=\"noopener\">coupes budg\u00e9taires dans la culture<\/a>, a constat\u00e9 une journaliste de l\u2019AFP.<\/p>\n<p><strong>\u00ab\u00a0Les coupes budg\u00e9taires nous asphyxient, aucun territoire n\u2019est \u00e9pargn\u00e9, c\u2019est moins de spectacles, moins de programmations et moins d\u2019expositions\u00a0\u00bb<\/strong>, a lanc\u00e9 Ghislain Gauthier de la CGT spectacle devant quelque 300\u00a0participants, rassembl\u00e9s place de la R\u00e9publique, \u00e0 Paris, en fin de journ\u00e9e \u00e0 l\u2019appel de neuf organisations du spectacle vivant.<\/p>\n<p>Il a d\u00e9nonc\u00e9 les <strong>\u00ab\u00a0conditions de travail de nombre d\u2019artistes et auteurs ou autrices ne pouvant plus vivre de leur travail\u00a0\u00bb.<\/strong><\/p>\n<p>Les syndicats dont la CGT Spectacle, le Syndeac (employeurs des entreprises artistiques et culturelles, premier syndicat du secteur public), les Forces musicales (50\u00a0op\u00e9ras et orchestres) ou encore le Syndicat des musiques actuelles, appellent aussi \u00e0 des <strong>\u00ab\u00a0marches festives\u00a0\u00bb<\/strong> jusqu\u2019\u00e0 dimanche.\u00a0Des marches sont pr\u00e9vues \u00e0 Nantes, Lyon ou Grenoble.<\/p>\n<p><strong>Lire aussi<\/strong>\u00a0: <a href=\"https:\/\/rennes.maville.com\/actu\/actudet_-les-subventions-pour-la-culture-en-baisse-de-presque-66-millions-en-region-_54135-6767890_actu.Htm\" target=\"_self\" rel=\"noopener\">Les subventions pour la culture en baisse de presque 66\u00a0millions en r\u00e9gion<\/a><\/p>\n<p>D\u2019importantes baisses de subvention<\/p>\n<p>Depuis plusieurs mois, le monde de la culture subit des<a href=\"https:\/\/rennes.maville.com\/actu\/actudet_-pass-culture-le-ministere-de-l-education-coupe-le-robinet-pour-l-annee-scolaire-en-cours-_54135-6659604_actu.Htm\" target=\"_self\" rel=\"noopener\"> baisses de subventions<\/a>, notamment de la part de collectivit\u00e9s territoriales (r\u00e9gions, d\u00e9partements\u2026), qui se traduisent par des d\u00e9programmations, des saisons difficiles \u00e0 b\u00e2tir, ou encore la fragilisation de certaines structures en termes d\u2019emploi.<\/p>\n<p>En avril, un d\u00e9cret a amput\u00e9 les cr\u00e9dits de r\u00e9serve du minist\u00e8re de la Culture aux deux tiers, qui sont pass\u00e9s de 174\u00a0millions \u00e0 60\u00a0millions d\u2019euros. Ces cr\u00e9dits sont utilis\u00e9s en cas d\u2019impr\u00e9vu en cours d\u2019ann\u00e9e.<\/p>\n<p>Interrog\u00e9 r\u00e9cemment sur France Inter, Rachida Dati avait assur\u00e9 qu\u2019il n\u2019y avait<strong> \u00ab\u00a0pas eu de coupes budg\u00e9taires au minist\u00e8re de la Culture\u00a0\u00bb.<\/strong><\/p>\n<p>\u00a0<\/p>\n","protected":false},"excerpt":{"rendered":"Artistes, techniciens, d\u00e9fenseurs de la culture et leurs syndicats se sont rassembl\u00e9s ce jeudi 22\u00a0mai 2025 \u00e0 Paris&hellip;\n","protected":false},"author":2,"featured_media":120667,"comment_status":"","ping_status":"","sticky":false,"template":"","format":"standard","meta":{"footnotes":""},"categories":[1888],"tags":[11,24244,22407,251,1777,674,14012,1011,27,2047,12,626,3919,25,10124],"class_list":{"0":"post-120666","1":"post","2":"type-post","3":"status-publish","4":"format-standard","5":"has-post-thumbnail","7":"category-paris","8":"tag-actualites","9":"tag-budgetaires","10":"tag-coupes","11":"tag-culture","12":"tag-eu","13":"tag-europe","14":"tag-festif","15":"tag-fr","16":"tag-france","17":"tag-mans","18":"tag-news","19":"tag-paris","20":"tag-rassemblement","21":"tag-republique-francaise","22":"tag-tenu"},"share_on_mastodon":{"url":"https:\/\/pubeurope.com\/@fr\/114554194057811158","error":""},"_links":{"self":[{"href":"https:\/\/www.europesays.com\/fr\/wp-json\/wp\/v2\/posts\/120666","targetHints":{"allow":["GET"]}}],"collection":[{"href":"https:\/\/www.europesays.com\/fr\/wp-json\/wp\/v2\/posts"}],"about":[{"href":"https:\/\/www.europesays.com\/fr\/wp-json\/wp\/v2\/types\/post"}],"author":[{"embeddable":true,"href":"https:\/\/www.europesays.com\/fr\/wp-json\/wp\/v2\/users\/2"}],"replies":[{"embeddable":true,"href":"https:\/\/www.europesays.com\/fr\/wp-json\/wp\/v2\/comments?post=120666"}],"version-history":[{"count":0,"href":"https:\/\/www.europesays.com\/fr\/wp-json\/wp\/v2\/posts\/120666\/revisions"}],"wp:featuredmedia":[{"embeddable":true,"href":"https:\/\/www.europesays.com\/fr\/wp-json\/wp\/v2\/media\/120667"}],"wp:attachment":[{"href":"https:\/\/www.europesays.com\/fr\/wp-json\/wp\/v2\/media?parent=120666"}],"wp:term":[{"taxonomy":"category","embeddable":true,"href":"https:\/\/www.europesays.com\/fr\/wp-json\/wp\/v2\/categories?post=120666"},{"taxonomy":"post_tag","embeddable":true,"href":"https:\/\/www.europesays.com\/fr\/wp-json\/wp\/v2\/tags?post=120666"}],"curies":[{"name":"wp","href":"https:\/\/api.w.org\/{rel}","templated":true}]}}