{"id":120673,"date":"2025-05-23T00:00:14","date_gmt":"2025-05-23T00:00:14","guid":{"rendered":"https:\/\/www.europesays.com\/fr\/120673\/"},"modified":"2025-05-23T00:00:14","modified_gmt":"2025-05-23T00:00:14","slug":"vers-une-saison-des-ouragans-particulieremeint-intense-et-destructrice-aux-etats-unis","status":"publish","type":"post","link":"https:\/\/www.europesays.com\/fr\/120673\/","title":{"rendered":"Vers une saison des ouragans particuli\u00e8remeint intense et destructrice aux \u00c9tats-Unis?"},"content":{"rendered":"<p><img decoding=\"async\" class=\"caas-img caas-lazy has-preview\" src=\"https:\/\/www.europesays.com\/fr\/wp-content\/uploads\/2025\/05\/a38ca345638737902d1f4f3374fb0557.jpeg\"\/><\/p>\n<p>Il y a 60% de chance que <a href=\"https:\/\/www.bfmtv.com\/meteo\/l-ouragan-rafael-menace-l-ile-de-cuba-et-le-sud-des-etats-unis_AD-202411060621.html\" rel=\"nofollow noopener\" target=\"_blank\" data-ylk=\"slk:la saison des ouragans;elm:context_link;itc:0;sec:content-canvas\" class=\"link \">la saison des ouragans<\/a> soit plus intense que la normale dans l&rsquo;Atlantique nord cette ann\u00e9e, a fait savoir ce jeudi 22 mai l&rsquo;agence m\u00e9t\u00e9orologique am\u00e9ricaine, vis\u00e9e par des <a href=\"https:\/\/www.bfmtv.com\/economie\/entreprises\/defense\/budget-americain-priorite-aux-depenses-militaires-et-coupes-franches-ailleurs_AD-202505020591.html\" rel=\"nofollow noopener\" target=\"_blank\" data-ylk=\"slk:coupes budg\u00e9taires de l&#039;administration Trump;elm:context_link;itc:0;sec:content-canvas\" class=\"link \">coupes budg\u00e9taires de l&rsquo;administration Trump<\/a>.<\/p>\n<p>Il pourrait se former entre 13 et 19 temp\u00eates assez puissantes <a href=\"https:\/\/www.bfmtv.com\/meteo\/beryl-helene-milton-des-noms-d-ouragans-bannis-de-la-liste-de-noms-a-cause-des-degats-deja-provoques_AD-202504020852.html\" rel=\"nofollow noopener\" target=\"_blank\" data-ylk=\"slk:pour m\u00e9riter d&#039;\u00eatre d\u00e9sign\u00e9es par un nom;elm:context_link;itc:0;sec:content-canvas\" class=\"link \">pour m\u00e9riter d&rsquo;\u00eatre d\u00e9sign\u00e9es par un nom<\/a> (avec des vents de plus de 63km\/h), selon l&rsquo;Agence am\u00e9ricaine d&rsquo;observation oc\u00e9anique et atmosph\u00e9rique (NOAA).<\/p>\n<p>Parmi elles, entre six et dix pourraient devenir des ouragans (plus de 119km\/h), dont trois \u00e0 cinq ouragans \u00ab\u00a0majeurs\u00a0\u00bb (vents de 178km\/h ou plus).<\/p>\n<p>Plus de 200 morts dans l&rsquo;ouragan H\u00e9l\u00e8ne en 2024<\/p>\n<p>Selon la NOAA, il y a \u00e9galement 30% de chances que la saison des ouragans soit proche de la normale et 10 % de chances qu&rsquo;elle soit inf\u00e9rieure \u00e0 la normale. La saison des ouragans dans l&rsquo;Atlantique nord s&rsquo;\u00e9tend de d\u00e9but juin \u00e0 fin novembre.<\/p>\n<p>Ces ouragans peuvent se r\u00e9v\u00e9ler d\u00e9vastateurs sur le plan humain comme mat\u00e9riel, en particulier dans le sud des \u00c9tats-Unis.<\/p>\n<p>L&rsquo;an dernier, lors d&rsquo;une saison que la NOAA avait anticip\u00e9e comme \u00ab\u00a0extraordinaire\u00a0\u00bb, <a href=\"https:\/\/fr.news.yahoo.com\/ouragan-h%C3%A9l%C3%A8ne-%C3%A9tats-unis-11-131043916.html\" data-ylk=\"slk:l&#039;ouragan H\u00e9l\u00e8ne;elm:context_link;itc:0;sec:content-canvas;outcm:mb_qualified_link;_E:mb_qualified_link;ct:story;\" class=\"link  yahoo-link\" target=\"_blank\" rel=\"noopener\">l&rsquo;ouragan H\u00e9l\u00e8ne<\/a> avait fait plus de 200 morts dans le sud-est du pays.<\/p>\n<p>Les pr\u00e9visions de l&rsquo;agence am\u00e9ricaine sont notamment li\u00e9es \u00e0 <a href=\"https:\/\/www.bfmtv.com\/environnement\/climat\/la-temperature-des-oceans-bat-un-nouveau-record-absolu-en-mars-2024_AD-202404090023.html\" rel=\"nofollow noopener\" target=\"_blank\" data-ylk=\"slk:des temp\u00e9ratures oc\u00e9aniques plus chaudes que la moyenne;elm:context_link;itc:0;sec:content-canvas\" class=\"link \">des temp\u00e9ratures oc\u00e9aniques plus chaudes que la moyenne<\/a>, des pr\u00e9visions de faible cisaillement du vent (variation brusque de la vitesse et\/ou de la direction du vent sur une courte distance) et une activit\u00e9 potentiellement accrue de la mousson d&rsquo;Afrique de l&rsquo;ouest, point de d\u00e9part des ouragans de l&rsquo;Atlantique.<\/p>\n<p>\u00ab\u00a0Comme nous l&rsquo;avons constat\u00e9 l&rsquo;ann\u00e9e derni\u00e8re avec d&rsquo;importantes inondations \u00e0 l&rsquo;int\u00e9rieur des terres provoqu\u00e9es par Helene et Debby, les ouragans peuvent toucher bien au-del\u00e0 des communaut\u00e9s c\u00f4ti\u00e8res\u00a0\u00bb, a d\u00e9clar\u00e9 l&rsquo;administratrice int\u00e9rimaire de la NOAA, Laura Grimm, dans un communiqu\u00e9.<\/p>\n<p>\u00ab\u00a0La NOAA joue un r\u00f4le essentiel dans la diffusion de pr\u00e9visions et d&rsquo;alertes pr\u00e9cises et lanc\u00e9es en amont, et fournit l&rsquo;expertise scientifique n\u00e9cessaire pour sauver des vies et des infrastructures\u00a0\u00bb, a-t-elle ajout\u00e9.<\/p>\n<p>Or Rick Spinrad, ancien administrateur de l&rsquo;agence, a fait part \u00e0 l&rsquo;AFP de ses inqui\u00e9tudes concernant la capacit\u00e9 de la NOAA \u00e0 assurer sa mission alors que des m\u00e9t\u00e9orologues, des techniciens et d&rsquo;autres membres du personnel ont \u00e9t\u00e9 limog\u00e9s par l&rsquo;administration Trump.<\/p>\n<p>Des coupes budg\u00e9taires drastiques pr\u00e9vues<\/p>\n<p>Le gouvernement cherche en effet \u00e0 couper<a href=\"https:\/\/www.bfmtv.com\/economie\/international\/donald-trump-presente-un-budget-pour-2026-qui-divise-au-sein-meme-de-son-parti_VN-202505210121.html\" rel=\"nofollow noopener\" target=\"_blank\" data-ylk=\"slk:1,3 milliard de dollars du budget de l&#039;agence;elm:context_link;itc:0;sec:content-canvas\" class=\"link \"> 1,3 milliard de dollars du budget de l&rsquo;agence<\/a>, accus\u00e9e d&rsquo;\u00eatre \u00ab\u00a0alarmiste sur le climat\u00a0\u00bb par le groupe de r\u00e9flexion d&rsquo;extr\u00eame droite Projet 2025 dont l&rsquo;administration semble suivre les pr\u00e9ceptes.<\/p>\n<p>\u00ab\u00a0Je m&rsquo;inqui\u00e8te de la possibilit\u00e9 de piloter un avion ou r\u00e9pondre au t\u00e9l\u00e9phone lorsque ces temp\u00eates commenceront \u00e0 s&rsquo;abattre sur le pays, et pendant que les services m\u00e9t\u00e9orologiques devront faire face \u00e0 des tornades, des incendies de for\u00eat, des inondations, des pr\u00e9cipitations extr\u00eames\u00a0\u00bb, a dit Rick Spinrad.<\/p>\n<p>Les temp\u00e9ratures de l&rsquo;oc\u00e9an augmentent depuis des d\u00e9cennies en raison de l&rsquo;utilisation de combustibles fossiles, explique Rick Spinrad, selon lequel \u00ab\u00a0il ne fait aucun doute que le changement climatique a contribu\u00e9 \u00e0 certaines des temp\u00e9ratures oc\u00e9aniques qui sont un facteur important dans ces pr\u00e9visions\u00a0\u00bb d&rsquo;ouragans.<\/p>\n<p><a href=\"https:\/\/www.bfmtv.com\/international\/amerique-nord\/etats-unis\/vers-une-saison-des-ouragans-particulieremeint-intense-et-destructrice-aux-etats-unis_AD-202505220810.html#xtor=AL-68\" rel=\"nofollow noopener\" target=\"_blank\" data-ylk=\"slk:Article original publi\u00e9 sur BFMTV.com;elm:context_link;itc:0;sec:content-canvas\" class=\"link \">Article original publi\u00e9 sur BFMTV.com<\/a><\/p>\n","protected":false},"excerpt":{"rendered":"Il y a 60% de chance que la saison des ouragans soit plus intense que la normale dans&hellip;\n","protected":false},"author":2,"featured_media":120674,"comment_status":"","ping_status":"","sticky":false,"template":"","format":"standard","meta":{"footnotes":""},"categories":[1589],"tags":[11,24247,73,1866,12,24245,24246,3242,1864,1865,1863,308],"class_list":{"0":"post-120673","1":"post","2":"type-post","3":"status-publish","4":"format-standard","5":"has-post-thumbnail","7":"category-etats-unis","8":"tag-actualites","9":"tag-des-vies","10":"tag-etats-unis","11":"tag-etats-unis-damerique","12":"tag-news","13":"tag-noaa","14":"tag-ouragans","15":"tag-saison","16":"tag-united-states","17":"tag-united-states-of-america","18":"tag-us","19":"tag-usa"},"share_on_mastodon":{"url":"https:\/\/pubeurope.com\/@fr\/114554209803203889","error":""},"_links":{"self":[{"href":"https:\/\/www.europesays.com\/fr\/wp-json\/wp\/v2\/posts\/120673","targetHints":{"allow":["GET"]}}],"collection":[{"href":"https:\/\/www.europesays.com\/fr\/wp-json\/wp\/v2\/posts"}],"about":[{"href":"https:\/\/www.europesays.com\/fr\/wp-json\/wp\/v2\/types\/post"}],"author":[{"embeddable":true,"href":"https:\/\/www.europesays.com\/fr\/wp-json\/wp\/v2\/users\/2"}],"replies":[{"embeddable":true,"href":"https:\/\/www.europesays.com\/fr\/wp-json\/wp\/v2\/comments?post=120673"}],"version-history":[{"count":0,"href":"https:\/\/www.europesays.com\/fr\/wp-json\/wp\/v2\/posts\/120673\/revisions"}],"wp:featuredmedia":[{"embeddable":true,"href":"https:\/\/www.europesays.com\/fr\/wp-json\/wp\/v2\/media\/120674"}],"wp:attachment":[{"href":"https:\/\/www.europesays.com\/fr\/wp-json\/wp\/v2\/media?parent=120673"}],"wp:term":[{"taxonomy":"category","embeddable":true,"href":"https:\/\/www.europesays.com\/fr\/wp-json\/wp\/v2\/categories?post=120673"},{"taxonomy":"post_tag","embeddable":true,"href":"https:\/\/www.europesays.com\/fr\/wp-json\/wp\/v2\/tags?post=120673"}],"curies":[{"name":"wp","href":"https:\/\/api.w.org\/{rel}","templated":true}]}}