{"id":120675,"date":"2025-05-23T00:01:23","date_gmt":"2025-05-23T00:01:23","guid":{"rendered":"https:\/\/www.europesays.com\/fr\/120675\/"},"modified":"2025-05-23T00:01:23","modified_gmt":"2025-05-23T00:01:23","slug":"en-2024-le-royaume-uni-a-divise-son-solde-migratoire-par-deux","status":"publish","type":"post","link":"https:\/\/www.europesays.com\/fr\/120675\/","title":{"rendered":"En 2024, le Royaume-Uni a divis\u00e9 son solde migratoire par deux"},"content":{"rendered":"\n<p>L\u2019image est plus parlante que mille chiffres. Le graphique qui illustre l\u2019\u00e9volution dans le temps du solde migratoire du Royaume-Uni montre une courbe stable jusqu\u2019\u00e0 l\u2019ann\u00e9e 2020, lorsque le nombre d\u2019arriv\u00e9es par rapport au nombre de d\u00e9parts commence \u00e0 exploser pour se stabiliser autour de 800\u00a0000\u00a0personnes en 2022\u00a0et en 2023. Puis, en 2024, cette m\u00eame courbe subit une chute toute aussi radicale.<\/p>\n<p>L\u2019ann\u00e9e derni\u00e8re, le solde migratoire dans le pays a \u00e9t\u00e9 de 431\u00a0000\u00a0personnes. C\u2019est simple\u00a0: \u201cla migration nette vers le Royaume-Uni a diminu\u00e9 de moiti\u00e9 en 2024 par rapport \u00e0 l\u2019ann\u00e9e pr\u00e9c\u00e9dente, <a class=\"ithalc\" data-ithal=\"lien_externe\" data-ithalc=\"[nav_article]\" target=\"_blank\" href=\"https:\/\/www.theguardian.com\/uk-news\/2025\/may\/22\/net-migration-to-uk-down-by-half-in-2024-compared-with-year-before\" rel=\"nofollow noopener\">r\u00e9sume sobrement <strong>The Guardian<\/strong><\/a><strong>.<\/strong> Il s\u2019agit de la plus forte baisse num\u00e9rique pour une p\u00e9riode de douze mois jamais enregistr\u00e9e.\u201d<\/p>\n<p>Dans un contexte europ\u00e9en o\u00f9 la plupart des gouvernements clament haut et fort vouloir diminuer l\u2019arriv\u00e9e de migrants, le r\u00e9sultat obtenu par Londres pourrait avoir un important effet politique. \u201cLa question de l\u2019immigration est devenue un champ de bataille \u00e9lectoral majeur au Royaume-Uni, contextualise le m\u00e9dia progressiste. D\u2019autant plus au vu du d\u00e9fi lanc\u00e9 par le parti [d\u2019extr\u00eame droite] R<\/p>\n","protected":false},"excerpt":{"rendered":"L\u2019image est plus parlante que mille chiffres. Le graphique qui illustre l\u2019\u00e9volution dans le temps du solde migratoire&hellip;\n","protected":false},"author":2,"featured_media":120676,"comment_status":"","ping_status":"","sticky":false,"template":"","format":"standard","meta":{"footnotes":""},"categories":[1588],"tags":[11,1777,674,1061,2581,12,316,473,1853,1851,1850,1852],"class_list":{"0":"post-120675","1":"post","2":"type-post","3":"status-publish","4":"format-standard","5":"has-post-thumbnail","7":"category-royaume-uni","8":"tag-actualites","9":"tag-eu","10":"tag-europe","11":"tag-immigration","12":"tag-keir-starmer","13":"tag-news","14":"tag-politique","15":"tag-royaume-uni","16":"tag-royaume-uni-de-grande-bretagne-et-dirlande-du-nord","17":"tag-uk","18":"tag-united-kingdom","19":"tag-united-kingdom-of-great-britain-and-northern-ireland"},"share_on_mastodon":{"url":"https:\/\/pubeurope.com\/@fr\/114554213744558442","error":""},"_links":{"self":[{"href":"https:\/\/www.europesays.com\/fr\/wp-json\/wp\/v2\/posts\/120675","targetHints":{"allow":["GET"]}}],"collection":[{"href":"https:\/\/www.europesays.com\/fr\/wp-json\/wp\/v2\/posts"}],"about":[{"href":"https:\/\/www.europesays.com\/fr\/wp-json\/wp\/v2\/types\/post"}],"author":[{"embeddable":true,"href":"https:\/\/www.europesays.com\/fr\/wp-json\/wp\/v2\/users\/2"}],"replies":[{"embeddable":true,"href":"https:\/\/www.europesays.com\/fr\/wp-json\/wp\/v2\/comments?post=120675"}],"version-history":[{"count":0,"href":"https:\/\/www.europesays.com\/fr\/wp-json\/wp\/v2\/posts\/120675\/revisions"}],"wp:featuredmedia":[{"embeddable":true,"href":"https:\/\/www.europesays.com\/fr\/wp-json\/wp\/v2\/media\/120676"}],"wp:attachment":[{"href":"https:\/\/www.europesays.com\/fr\/wp-json\/wp\/v2\/media?parent=120675"}],"wp:term":[{"taxonomy":"category","embeddable":true,"href":"https:\/\/www.europesays.com\/fr\/wp-json\/wp\/v2\/categories?post=120675"},{"taxonomy":"post_tag","embeddable":true,"href":"https:\/\/www.europesays.com\/fr\/wp-json\/wp\/v2\/tags?post=120675"}],"curies":[{"name":"wp","href":"https:\/\/api.w.org\/{rel}","templated":true}]}}