{"id":120705,"date":"2025-05-23T00:20:09","date_gmt":"2025-05-23T00:20:09","guid":{"rendered":"https:\/\/www.europesays.com\/fr\/120705\/"},"modified":"2025-05-23T00:20:09","modified_gmt":"2025-05-23T00:20:09","slug":"tout-pour-la-lumiere-la-nouvelle-serie-quotidienne-de-tf1-sera-diffusee-avant-sur-netflix","status":"publish","type":"post","link":"https:\/\/www.europesays.com\/fr\/120705\/","title":{"rendered":"\u00ab\u00a0Tout pour la lumi\u00e8re\u00a0\u00bb : la nouvelle s\u00e9rie quotidienne de TF1 sera diffus\u00e9e avant sur Netflix"},"content":{"rendered":"<p class=\"paragraph text_align_left\">Apr\u00e8s \u00ab Demain nous appartient \u00bb, \u00ab Ici tout commence \u00bb et \u00ab Plus belle la vie, encore plus belle \u00bb, TF1 va bient\u00f4t diffuser chaque jour une nouvelle fiction qui suivra un groupe de jeunes talents de la danse et du chant coach\u00e9s dans un studio \u00e0 La Ciotat. <a href=\"https:\/\/www.leparisien.fr\/culture-loisirs\/de-jeunes-artistes-mer-soleil-tout-pour-la-lumiere-le-4e-feuilleton-quotidien-de-tf-1-sur-les-rails-25-11-2024-WRIY67SQDVGCXOBA7RCV4SMW7M.php\" target=\"_blank\" rel=\"noreferrer nofollow noopener\">Le nom de ce programme : \u00ab Tout pour la lumi\u00e8re \u00bb<\/a>.<\/p>\n<p class=\"paragraph text_align_left\">Parmi les sources d\u2019inspiration de ce feuilleton, qui comptera 90 \u00e9pisodes d\u2019une vingtaine de minutes : l\u2019ind\u00e9modable \u00ab Fame \u00bb, la s\u00e9rie am\u00e9ricaine \u00ab Glee \u00bb ou encore <a href=\"https:\/\/www.leparisien.fr\/culture-loisirs\/series\/un-dos-tres-nouvelle-generation-le-retour-de-monica-cruz-sur-w-9-16-11-2023-WVL27HP4ZFDNZKM2HIKTATY7CU.php\" rel=\"nofollow noopener\" target=\"_blank\">\u00ab Un, dos, tres \u00bb<\/a>, fiction espagnole port\u00e9e notamment par M\u00f3nica Cruz.<\/p>\n<p class=\"paragraph text_align_left\">La nouveaut\u00e9 c\u2019est que <a href=\"https:\/\/www.ouest-france.fr\/medias\/television\/exclusif-la-serie-tout-pour-la-lumiere-arrive-le-16-juin-sur-tf1-et-des-le-13-sur-netflix-523bdb7a-34fa-11f0-82aa-3134ba899709\" target=\"_blank\" rel=\"noreferrer nofollow noopener\">Ouest-France a<\/a> annonc\u00e9 ce jeudi les dates de diffusion de ce feuilleton, qui esp\u00e8re le m\u00eame succ\u00e8s que ses pr\u00e9d\u00e9cesseurs. La s\u00e9rie d\u00e9butera le lundi 16 juin sur TF1\u2026 mais d\u00e8s le vendredi 13 sur Netflix ! Un renversement des coutumes dans la diffusion des s\u00e9ries de la Une sur la plateforme de VOD.<\/p>\n<p class=\"paragraph text_align_left\">\u00ab C\u2019est un test pour Netflix, qui se met \u00e0 la diffusion quotidienne, \u00e9pisode par \u00e9pisode plut\u00f4t qu\u2019en int\u00e9gralit\u00e9. Ceci pour respecter la mani\u00e8re dont est construite cette s\u00e9rie. Ce sera \u00e0 9h01 chaque matin \u00bb, indique la vice-pr\u00e9sidente en charge des contenus de Netflix France, Pauline Dauvin au quotidien r\u00e9gional. L\u2019horaire concernant TF1 (fin de matin\u00e9e, d\u00e9but d\u2019apr\u00e8s-midi, avant-soir\u00e9e ou soir\u00e9e) sera annonc\u00e9 \u00ab dans les tout prochains jours \u00bb, pr\u00e9cise encore Ara Aprikian, vice-pr\u00e9sident de TF1.<\/p>\n<p class=\"paragraph text_align_left\">Apr\u00e8s ce lancement d\u00e9cal\u00e9 (trois \u00e9pisodes sur Netflix le 13 juin, un le 14, un le 15 ; le premier sur TF1 le 16, et le deuxi\u00e8me le 17), le rythme changera. Chaque \u00e9pisode sera alors disponible pour les abonn\u00e9s \u00e0 la plateforme am\u00e9ricaine avec cinq jours d\u2019avance sur La Une. Ainsi, l\u2019\u00e9pisode 6 sera propos\u00e9 le 18 juin sur Netflix puis le 23 sur TF1 et sur la plateforme TF1 +. \u00c0 suivre, donc.<\/p>\n","protected":false},"excerpt":{"rendered":"Apr\u00e8s \u00ab Demain nous appartient \u00bb, \u00ab Ici tout commence \u00bb et \u00ab Plus belle la vie, encore&hellip;\n","protected":false},"author":2,"featured_media":120706,"comment_status":"","ping_status":"","sticky":false,"template":"","format":"standard","meta":{"footnotes":""},"categories":[1356],"tags":[872,58,59,1011,27,1314,252,1364],"class_list":{"0":"post-120705","1":"post","2":"type-post","3":"status-publish","4":"format-standard","5":"has-post-thumbnail","7":"category-television","8":"tag-culture-et-loisirs","9":"tag-divertissement","10":"tag-entertainment","11":"tag-fr","12":"tag-france","13":"tag-series","14":"tag-television","15":"tag-tv"},"share_on_mastodon":{"url":"https:\/\/pubeurope.com\/@fr\/114554288581028813","error":""},"_links":{"self":[{"href":"https:\/\/www.europesays.com\/fr\/wp-json\/wp\/v2\/posts\/120705","targetHints":{"allow":["GET"]}}],"collection":[{"href":"https:\/\/www.europesays.com\/fr\/wp-json\/wp\/v2\/posts"}],"about":[{"href":"https:\/\/www.europesays.com\/fr\/wp-json\/wp\/v2\/types\/post"}],"author":[{"embeddable":true,"href":"https:\/\/www.europesays.com\/fr\/wp-json\/wp\/v2\/users\/2"}],"replies":[{"embeddable":true,"href":"https:\/\/www.europesays.com\/fr\/wp-json\/wp\/v2\/comments?post=120705"}],"version-history":[{"count":0,"href":"https:\/\/www.europesays.com\/fr\/wp-json\/wp\/v2\/posts\/120705\/revisions"}],"wp:featuredmedia":[{"embeddable":true,"href":"https:\/\/www.europesays.com\/fr\/wp-json\/wp\/v2\/media\/120706"}],"wp:attachment":[{"href":"https:\/\/www.europesays.com\/fr\/wp-json\/wp\/v2\/media?parent=120705"}],"wp:term":[{"taxonomy":"category","embeddable":true,"href":"https:\/\/www.europesays.com\/fr\/wp-json\/wp\/v2\/categories?post=120705"},{"taxonomy":"post_tag","embeddable":true,"href":"https:\/\/www.europesays.com\/fr\/wp-json\/wp\/v2\/tags?post=120705"}],"curies":[{"name":"wp","href":"https:\/\/api.w.org\/{rel}","templated":true}]}}