{"id":120717,"date":"2025-05-23T00:26:14","date_gmt":"2025-05-23T00:26:14","guid":{"rendered":"https:\/\/www.europesays.com\/fr\/120717\/"},"modified":"2025-05-23T00:26:14","modified_gmt":"2025-05-23T00:26:14","slug":"avec-cette-offre-amazon-veut-vider-son-stock-dipad-air-m2-maintenant-que-le-modele-m3-est-sorti","status":"publish","type":"post","link":"https:\/\/www.europesays.com\/fr\/120717\/","title":{"rendered":"Avec cette offre, Amazon veut vider son stock d&rsquo;iPad Air M2 maintenant que le mod\u00e8le M3 est sorti"},"content":{"rendered":"<p>Malgr\u00e9 l\u2019arriv\u00e9e de la version M3, l\u2019iPad Air de 2024 est une tablette qui reste tr\u00e8s int\u00e9ressante et surtout puissante avec sa puce M2. Aujourd\u2019hui, elle n\u2019a jamais \u00e9t\u00e9 aussi peu ch\u00e8re sur Amazon : 549 euros contre 719 euros de base.\u00a0<\/p>\n<p><a target=\"_blank\" href=\"https:\/\/images.frandroid.com\/wp-content\/uploads\/2024\/05\/apple-ipad-air-m2-2024-11-scaled.jpg\" class=\"article-content__figure\" rel=\"noopener\"><img fetchpriority=\"high\" decoding=\"async\" loading=\"eager\" width=\"1200\" height=\"800\" src=\"https:\/\/www.europesays.com\/fr\/wp-content\/uploads\/2025\/05\/apple-ipad-air-m2-2024-11-1200x800-2.jpg\" alt=\"\" class=\"wp-image-2027656 wp-image wp-image\"  \/><\/a>L\u2019iPad Air M2 (2024) \/\/ Source : Chlo\u00e9 Pertuis pour Frandroid<\/p>\n<p>La version 2024 de l\u2019iPad Air est dot\u00e9 de la puce M2 d\u2019Apple. Cette derni\u00e8re offre de bonnes performances et m\u00eame avec <a href=\"https:\/\/www.frandroid.com\/marques\/apple\/2556633_test-ipad-air-m3-2025\" target=\"_blank\" rel=\"noopener\">l\u2019arriv\u00e9e de la version M3<\/a>, elle reste une bonne tablette iOS \u00e0 conseiller, que ce soit pour un usage de productivit\u00e9 ou de la bureautique.\u00a0C\u2019est d\u2019autant plus vrai maintenant <a href=\"https:\/\/shop.frandroid.com\/q1xak88f\" target=\"_blank\" rel=\"noreferrer noopener affiliate nofollow\" data-gtm=\"{&quot;event&quot;:&quot;afficlic&quot;,&quot;nom_marchand&quot;:&quot;amazon_fr&quot;,&quot;nom_produit&quot;:&quot;inconnu&quot;,&quot;categorie_produit&quot;:&quot;inconnu&quot;,&quot;module_produit&quot;:&quot;editolink&quot;,&quot;position_marchand&quot;:0,&quot;texte&quot;:&quot;qu-elle-se-negocie-avec-170-euros-de-reduction&quot;,&quot;offer_url&quot;:&quot;https:\/\/shop.frandroid.com\/q1xak88f&quot;,&quot;zone&quot;:&quot;contenu-page&quot;}\">qu\u2019elle se n\u00e9gocie avec 170 euros de r\u00e9duction.<\/a><\/p>\n<p>L\u2019iPad Air M2 11 (2024) pla\u00eet pour\u2026  <\/p>\n<ul class=\"wp-block-list\">\n<li>Son \u00e9cran sublime <\/li>\n<li>Ses performances au top<\/li>\n<li>Sa dur\u00e9e de vie <\/li>\n<\/ul>\n<p>Commercialis\u00e9 \u00e0 719 euros \u00e0 sa sortie, l\u2019iPad Air M2 11 (2024) d\u2019Apple dans sa version 128 Go et WiFi se trouve actuellement <a href=\"https:\/\/shop.frandroid.com\/q1xak88f\" target=\"_blank\" rel=\"noreferrer noopener affiliate nofollow\" data-gtm=\"{&quot;event&quot;:&quot;afficlic&quot;,&quot;nom_marchand&quot;:&quot;amazon_fr&quot;,&quot;nom_produit&quot;:&quot;inconnu&quot;,&quot;categorie_produit&quot;:&quot;inconnu&quot;,&quot;module_produit&quot;:&quot;editolink&quot;,&quot;position_marchand&quot;:0,&quot;texte&quot;:&quot;en-promotion-a-549-euros-sur-amazon&quot;,&quot;offer_url&quot;:&quot;https:\/\/shop.frandroid.com\/q1xak88f&quot;,&quot;zone&quot;:&quot;contenu-page&quot;}\">en promotion \u00e0 549 euros sur Amazon.<\/a><\/p>\n<p><a target=\"_blank\" href=\"https:\/\/images.frandroid.com\/wp-content\/uploads\/2025\/05\/capture-decran-ipad-air-m2-11-2024.png\" class=\"article-content__figure\" rel=\"noopener\"><img loading=\"lazy\" decoding=\"async\" width=\"1200\" height=\"399\" src=\"https:\/\/www.europesays.com\/fr\/wp-content\/uploads\/2025\/05\/capture-decran-ipad-air-m2-11-2024-1200x399.png\" alt=\"\" class=\"wp-image-2624169 wp-image\"  \/><\/a>Prix le plus bas constat\u00e9 sur le site d\u2019Amazon pour l\u2019iPad Air M2 11 (2024) \/\/ Source : keepa<\/p>\n<p>Si, par la suite, l\u2019offre mentionn\u00e9e dans cet article n\u2019est plus disponible, merci de jeter un coup d\u2019\u0153il ci-dessous afin de d\u00e9nicher d\u2019autres offres concernant l\u2019iPad Air M2 11 (2024) d\u2019Apple. Le tableau s\u2019actualise automatiquement. <\/p>\n<p>Une tablette au design impeccable qui n\u2019est pas sans d\u00e9faut <\/p>\n<p>Sans surprise, l\u2019iPad Air M2 11 (2024) est une tablette au design r\u00e9ussi. Elle affiche des bordures certes moins fines que celles du mod\u00e8le tr\u00e8s haut de gamme, mais les finitions sont impeccables. Au dos, la coque est faite d\u2019aluminium bross\u00e9 du plus bel effet. <\/p>\n<p>C\u00f4t\u00e9 \u00e9cran, Apple a fait le choix de rester dans quelque chose que l\u2019on ne connait que trop bien, \u00e0 savoir une dalle LDC (Liquid Retina) avec un taux de rafraichissement limit\u00e9 \u00e0 60 Hz. Sur ce point, la firme de Cupertino d\u00e9\u00e7oit quelque peu,\u00a0face \u00e0 la concurrence, mais  cela reste satisfaisant. <\/p>\n<p>Une puce encore puissante <\/p>\n<p>La puce Apple M2 rend l\u2019iPad Air presque aussi performant qu\u2019un mod\u00e8le Pro. Les applications, m\u00eame les plus gourmandes, tournent efficacement. Si vous utilisez votre iPad pour le travail, de la retouche photo ou du montage vid\u00e9o, la tablette est rapide, intuitive et ergonomique.\u00a0<\/p>\n<p>L\u2019interface iPadOS est intuitive, et l\u2019essentiel (applications et widgets) est visible imm\u00e9diatement. Niveau autonomie, on peut compter sur 10 heures d\u2019utilisation maximum, mais avec une charge tr\u00e8s lente. Il est ainsi possible d\u2019en profiter tout au long de la journ\u00e9e en usage intensif, ou tout au long de la semaine en usage l\u00e9ger. <\/p>\n<p>Enfin, on ne prend pas de photo avec une tablette en esp\u00e9rant avoir un bon r\u00e9sultat, mais vous avez droit \u00e0\u00a0un capteur selfie de 12 m\u00e9gapixels, avec la fameuse fonction Cadre Centr\u00e9, bien pratique pour les appels en visio. <\/p>\n<p>Si vous souhaitez en savoir plus, n\u2019h\u00e9sitez pas \u00e0 lire <a href=\"https:\/\/www.frandroid.com\/marques\/apple\/2027756_test-de-lapple-ipad-air-m2-13-2024-lipad-pro-qui-ne-dit-pas-son-nom\" target=\"_blank\" rel=\"noopener\">notre test complet sur l\u2019iPad Air M2 11 (2024) d\u2019Apple.<\/a><\/p>\n<p>Si vous souhaitez investir dans une tablette tactile, plus abordable, vous pouvez d\u00e9couvrir\u00a0<a href=\"https:\/\/www.frandroid.com\/guide-dachat\/guide-tablettes\/1311703_quelles-sont-les-meilleures-tablettes-pas-cheres\" target=\"_blank\" rel=\"noopener\">nos recommandations sur les meilleures tablettes pas ch\u00e8res<\/a>\u00a0afin de vous aider dans votre choix.<\/p>\n","protected":false},"excerpt":{"rendered":"Malgr\u00e9 l\u2019arriv\u00e9e de la version M3, l\u2019iPad Air de 2024 est une tablette qui reste tr\u00e8s int\u00e9ressante et&hellip;\n","protected":false},"author":2,"featured_media":120718,"comment_status":"","ping_status":"","sticky":false,"template":"","format":"standard","meta":{"footnotes":""},"categories":[7],"tags":[24248,201,1011,27,43,40,41,39,42,44],"class_list":{"0":"post-120717","1":"post","2":"type-post","3":"status-publish","4":"format-standard","5":"has-post-thumbnail","7":"category-sciences-et-technologies","8":"tag-apple-ipad-air-m2-11-2024","9":"tag-bons-plans-amazon","10":"tag-fr","11":"tag-france","12":"tag-science","13":"tag-science-and-technology","14":"tag-sciences","15":"tag-sciences-et-technologies","16":"tag-technologies","17":"tag-technology"},"share_on_mastodon":{"url":"https:\/\/pubeurope.com\/@fr\/114554312051928971","error":""},"_links":{"self":[{"href":"https:\/\/www.europesays.com\/fr\/wp-json\/wp\/v2\/posts\/120717","targetHints":{"allow":["GET"]}}],"collection":[{"href":"https:\/\/www.europesays.com\/fr\/wp-json\/wp\/v2\/posts"}],"about":[{"href":"https:\/\/www.europesays.com\/fr\/wp-json\/wp\/v2\/types\/post"}],"author":[{"embeddable":true,"href":"https:\/\/www.europesays.com\/fr\/wp-json\/wp\/v2\/users\/2"}],"replies":[{"embeddable":true,"href":"https:\/\/www.europesays.com\/fr\/wp-json\/wp\/v2\/comments?post=120717"}],"version-history":[{"count":0,"href":"https:\/\/www.europesays.com\/fr\/wp-json\/wp\/v2\/posts\/120717\/revisions"}],"wp:featuredmedia":[{"embeddable":true,"href":"https:\/\/www.europesays.com\/fr\/wp-json\/wp\/v2\/media\/120718"}],"wp:attachment":[{"href":"https:\/\/www.europesays.com\/fr\/wp-json\/wp\/v2\/media?parent=120717"}],"wp:term":[{"taxonomy":"category","embeddable":true,"href":"https:\/\/www.europesays.com\/fr\/wp-json\/wp\/v2\/categories?post=120717"},{"taxonomy":"post_tag","embeddable":true,"href":"https:\/\/www.europesays.com\/fr\/wp-json\/wp\/v2\/tags?post=120717"}],"curies":[{"name":"wp","href":"https:\/\/api.w.org\/{rel}","templated":true}]}}