{"id":120741,"date":"2025-05-23T00:42:08","date_gmt":"2025-05-23T00:42:08","guid":{"rendered":"https:\/\/www.europesays.com\/fr\/120741\/"},"modified":"2025-05-23T00:42:08","modified_gmt":"2025-05-23T00:42:08","slug":"un-an-apres-sa-defaite-cruelle-en-demie-provence-rugby-retrouvera-a-nouveau-grenoble-sur-sa-route","status":"publish","type":"post","link":"https:\/\/www.europesays.com\/fr\/120741\/","title":{"rendered":"un an apr\u00e8s sa d\u00e9faite cruelle en demie, Provence Rugby retrouvera \u00e0 nouveau Grenoble sur sa route"},"content":{"rendered":"<p>Un an apr\u00e8s, Provence Rugby va recroiser la route de Grenoble en demi-finale de Pro D2. Comme un signe du destin ! Pour effacer sans doute les plaies encore b\u00e9antes <a href=\"https:\/\/www.laprovence.com\/article\/sports\/2716146637913815\/rugby-pro-d2-provence-sincline-contre-grenoble-et-ne-jouera-pas-la-finale-daccession-vers-le-top-14\" target=\"_blank\" rel=\"noopener\">d&rsquo;une \u00e9limination cruelle sur le pr\u00e9 de Maurice-David le 31 mai 2024 alors que tous les feux \u00e9taient au vert ce soir-l\u00e0 (22-23)<\/a>. Ce jeudi soir, <a href=\"https:\/\/www.laprovence.com\/article\/sports\/9726139939215614\/info-la-provence-rugby-pro-d2-mauricio-reggiardo-va-quitter-provence-rugby-a-la-fin-de-la-saison\" target=\"_blank\" rel=\"noopener\">les hommes de Mauricio Reggiardo<\/a> se sont donn\u00e9 le droit de r\u00e9parer une injustice sportive apr\u00e8s leur belle victoire en match de barrage face \u00e0 Angoul\u00eame (49-22). Et le r\u00eave d&rsquo;accession\u00a0est toujours intact pour un groupe qui a souffert cette saison mais qui n&rsquo;a jamais l\u00e2ch\u00e9 le morceau. Cette 30e victoire \u00e0 domicile lors des 32 derniers matches depuis deux ans ne doit rien \u00e0 personne. Les co\u00e9quipiers de Teimana Harrison sont all\u00e9s la chercher avec autorit\u00e9 et efficacit\u00e9. Sans trembler.<\/p>\n","protected":false},"excerpt":{"rendered":"Un an apr\u00e8s, Provence Rugby va recroiser la route de Grenoble en demi-finale de Pro D2. Comme un&hellip;\n","protected":false},"author":2,"featured_media":120742,"comment_status":"","ping_status":"","sticky":false,"template":"","format":"standard","meta":{"footnotes":""},"categories":[9566],"tags":[17,1111,11,150,2430,24251,8484,24252,1777,674,1011,27,2731,12,3788,1186,25,479,60],"class_list":{"0":"post-120741","1":"post","2":"type-post","3":"status-publish","4":"format-standard","5":"has-post-thumbnail","7":"category-grenoble","8":"tag-17","9":"tag-actu","10":"tag-actualites","11":"tag-apres","12":"tag-auvergne-rhone-alpes","13":"tag-cruelle","14":"tag-defaite","15":"tag-demie","16":"tag-eu","17":"tag-europe","18":"tag-fr","19":"tag-france","20":"tag-grenoble","21":"tag-news","22":"tag-pro","23":"tag-provence","24":"tag-republique-francaise","25":"tag-rugby","26":"tag-sports"},"share_on_mastodon":{"url":"https:\/\/pubeurope.com\/@fr\/114554374871742453","error":""},"_links":{"self":[{"href":"https:\/\/www.europesays.com\/fr\/wp-json\/wp\/v2\/posts\/120741","targetHints":{"allow":["GET"]}}],"collection":[{"href":"https:\/\/www.europesays.com\/fr\/wp-json\/wp\/v2\/posts"}],"about":[{"href":"https:\/\/www.europesays.com\/fr\/wp-json\/wp\/v2\/types\/post"}],"author":[{"embeddable":true,"href":"https:\/\/www.europesays.com\/fr\/wp-json\/wp\/v2\/users\/2"}],"replies":[{"embeddable":true,"href":"https:\/\/www.europesays.com\/fr\/wp-json\/wp\/v2\/comments?post=120741"}],"version-history":[{"count":0,"href":"https:\/\/www.europesays.com\/fr\/wp-json\/wp\/v2\/posts\/120741\/revisions"}],"wp:featuredmedia":[{"embeddable":true,"href":"https:\/\/www.europesays.com\/fr\/wp-json\/wp\/v2\/media\/120742"}],"wp:attachment":[{"href":"https:\/\/www.europesays.com\/fr\/wp-json\/wp\/v2\/media?parent=120741"}],"wp:term":[{"taxonomy":"category","embeddable":true,"href":"https:\/\/www.europesays.com\/fr\/wp-json\/wp\/v2\/categories?post=120741"},{"taxonomy":"post_tag","embeddable":true,"href":"https:\/\/www.europesays.com\/fr\/wp-json\/wp\/v2\/tags?post=120741"}],"curies":[{"name":"wp","href":"https:\/\/api.w.org\/{rel}","templated":true}]}}