{"id":120747,"date":"2025-05-23T00:46:16","date_gmt":"2025-05-23T00:46:16","guid":{"rendered":"https:\/\/www.europesays.com\/fr\/120747\/"},"modified":"2025-05-23T00:46:16","modified_gmt":"2025-05-23T00:46:16","slug":"strasbourg-pierre-jakubowicz-horizons-veut-visiter-le-site-de-lesplanade-festive-prevu-pour-les-forains","status":"publish","type":"post","link":"https:\/\/www.europesays.com\/fr\/120747\/","title":{"rendered":"Strasbourg. Pierre Jakubowicz (Horizons) veut visiter le site de l\u2019esplanade festive pr\u00e9vu pour les forains"},"content":{"rendered":"<p>Le projet d\u2019am\u00e9nagement d\u2019une \u00ab\u00a0esplanade festive\u00a0\u00bb dans le secteur de la Plaine des Bouchers est pr\u00e9sent\u00e9 par la Ville comme \u00ab\u00a0la meilleure solution pour enfin refermer le dossier \u00e9pineux de la p\u00e9rennisation <a href=\"https:\/\/www.dna.fr\/culture-loisirs\/2025\/05\/20\/la-piste-de-la-place-de-bordeaux-abandonnee-pour-la-foire-saint-jean\" target=\"_blank\" rel=\"nofollow noopener\">du lieu d\u2019accueil de la foire Saint-Jean<\/a> \u00bb, consid\u00e8re Pierre Jakubowicz (Horizons).<\/p>\n<p>C\u2019est un projet \u00ab\u00a0pr\u00e9sent\u00e9 comme prioritaire\u00a0\u00bb, mais qui a \u00e9t\u00e9 \u00ab\u00a0report\u00e9 tout au long du mandat\u00a0\u00bb, d\u00e9plore l\u2019\u00e9lu d\u2019opposition. \u00ab\u00a0Indiqu\u00e9 pour 2023, puis 2025, pour maintenant \u00eatre annonc\u00e9 dans les scenarii les plus optimistes pour l\u2019\u00e9t\u00e9 2027\u00a0\u00bb, r\u00e9sume le conseiller municipal.<\/p>\n<p>Face \u00e0 cette situation, \u00ab\u00a0il est indispensable que la municipalit\u00e9 partage en transparence les contraintes mat\u00e9rielles et budg\u00e9taires qui ont justifi\u00e9 ces multiples reports\u00a0\u00bb, estime-t-il.<\/p>\n<p>D\u2019o\u00f9 sa demande \u00e0 la maire Jeanne Barseghian d\u2019organiser \u00ab\u00a0une visite sur le site pr\u00e9vu [\u2026] \u00e0 destination de la presse et des \u00e9lus\u00a0\u00bb, ainsi qu\u2019\u00ab\u00a0une pr\u00e9sentation du calendrier et des contraintes\u00a0\u00bb.<\/p>\n","protected":false},"excerpt":{"rendered":"Le projet d\u2019am\u00e9nagement d\u2019une \u00ab\u00a0esplanade festive\u00a0\u00bb dans le secteur de la Plaine des Bouchers est pr\u00e9sent\u00e9 par la&hellip;\n","protected":false},"author":2,"featured_media":120748,"comment_status":"","ping_status":"","sticky":false,"template":"","format":"standard","meta":{"footnotes":""},"categories":[2820],"tags":[1111,11,1984,2880,1777,674,107,1011,27,775,12,316,25,640,2879],"class_list":{"0":"post-120747","1":"post","2":"type-post","3":"status-publish","4":"format-standard","5":"has-post-thumbnail","7":"category-strasbourg","8":"tag-actu","9":"tag-actualites","10":"tag-conseil-municipal","11":"tag-edition-strasbourg","12":"tag-eu","13":"tag-europe","14":"tag-fil-info","15":"tag-fr","16":"tag-france","17":"tag-grand-est","18":"tag-news","19":"tag-politique","20":"tag-republique-francaise","21":"tag-strasbourg","22":"tag-strasbourg-ville"},"share_on_mastodon":{"url":"https:\/\/pubeurope.com\/@fr\/114554390663371626","error":""},"_links":{"self":[{"href":"https:\/\/www.europesays.com\/fr\/wp-json\/wp\/v2\/posts\/120747","targetHints":{"allow":["GET"]}}],"collection":[{"href":"https:\/\/www.europesays.com\/fr\/wp-json\/wp\/v2\/posts"}],"about":[{"href":"https:\/\/www.europesays.com\/fr\/wp-json\/wp\/v2\/types\/post"}],"author":[{"embeddable":true,"href":"https:\/\/www.europesays.com\/fr\/wp-json\/wp\/v2\/users\/2"}],"replies":[{"embeddable":true,"href":"https:\/\/www.europesays.com\/fr\/wp-json\/wp\/v2\/comments?post=120747"}],"version-history":[{"count":0,"href":"https:\/\/www.europesays.com\/fr\/wp-json\/wp\/v2\/posts\/120747\/revisions"}],"wp:featuredmedia":[{"embeddable":true,"href":"https:\/\/www.europesays.com\/fr\/wp-json\/wp\/v2\/media\/120748"}],"wp:attachment":[{"href":"https:\/\/www.europesays.com\/fr\/wp-json\/wp\/v2\/media?parent=120747"}],"wp:term":[{"taxonomy":"category","embeddable":true,"href":"https:\/\/www.europesays.com\/fr\/wp-json\/wp\/v2\/categories?post=120747"},{"taxonomy":"post_tag","embeddable":true,"href":"https:\/\/www.europesays.com\/fr\/wp-json\/wp\/v2\/tags?post=120747"}],"curies":[{"name":"wp","href":"https:\/\/api.w.org\/{rel}","templated":true}]}}