{"id":120754,"date":"2025-05-23T00:50:27","date_gmt":"2025-05-23T00:50:27","guid":{"rendered":"https:\/\/www.europesays.com\/fr\/120754\/"},"modified":"2025-05-23T00:50:27","modified_gmt":"2025-05-23T00:50:27","slug":"que-faire-a-nantes-ce-week-end-du-22-au-25-mai-2025-big-city-nantes","status":"publish","type":"post","link":"https:\/\/www.europesays.com\/fr\/120754\/","title":{"rendered":"Que Faire \u00e0 Nantes ce week-end du 22 au 25 mai 2025 ? \u2013 Big City Nantes"},"content":{"rendered":"<p>Ce week-end, Nantes va bouger avec PLEIN d\u2019\u00e9v\u00e9nements et de festivit\u00e9s au programme ! Que tu sois plut\u00f4t potes ou famille, c\u2019est le moment de sortir, de se d\u00e9tendre et de profiter du soleil. Bonus sympa : c\u2019est la F\u00eate des M\u00e8res ce dimanche 25 mai et on a plein de plans pour que tu puisses en profiter avec ta maman (ou pas ;)) ! <strong>On t\u2019en dit plus juste en dessous <\/strong>\ud83d\ude0e<\/p>\n<p>Que Faire \u00e0 Nantes ce week-end : le programme des sorties du jeudi 22 au dimanche 25 mai 2025<\/p>\n<p>\u00c7a s\u2019annonce ultra festif \u00e0 Nantes ! Le week-end du <strong>22 au 25 mai 2025<\/strong> est bien rempli et commence tr\u00e8s fort avec le GRAND retour du <strong><a href=\"https:\/\/www.facebook.com\/events\/1137699394775706\" target=\"_blank\" rel=\"noopener\">Festival Gallia \u00e0 La Chaumi\u00e8re<\/a><\/strong>. Pour continuer dans les festivit\u00e9s, sors ton meilleur d\u00e9guisement et viens profiter du <strong><a href=\"https:\/\/www.facebook.com\/events\/1737582146790117\" target=\"_blank\" rel=\"noopener\">Slip Fest<\/a><\/strong>. Plus reggae\u00a0? Viens d\u00e9couvrir le <strong><a href=\"https:\/\/www.facebook.com\/events\/1613730652671416\" target=\"_blank\" rel=\"noopener\">Kids Camp<\/a> <\/strong>au Lab. C\u00f4t\u00e9 shopping, ne rate surtout pas le festival des commer\u00e7ants <a href=\"https:\/\/pleincentre.net\/evenements\/nantes-a-coeur-le-festival-des-commercants-%f0%9f%8e%89\/\" target=\"_blank\" rel=\"noopener\"><strong>Nantes \u00e0 C\u0153ur<\/strong><\/a>, l\u2019<strong><a href=\"https:\/\/www.facebook.com\/events\/s\/lapero-chine-24-mai-rue-foure-\/3286986101473255\/\" target=\"_blank\" rel=\"noopener\">Ap\u00e9ro Chin\u00e9<\/a><\/strong> ou encore le march\u00e9 g\u00e9ant <strong><a href=\"https:\/\/www.facebook.com\/events\/690100596905813\/?acontext=%7B%22event_action_history%22%3A%5b%5d%7D\" target=\"_blank\" rel=\"noopener\">Piou Piou Market<\/a><\/strong>.<\/p>\n<p>Envie de prendre un grand bol d\u2019air frais ? <strong><a href=\"https:\/\/www.maisondulacdegrandlieu.org\/fete-nature-2025\/\" target=\"_blank\" rel=\"noopener\">La F\u00eate de la nature <\/a><\/strong>est faite pour toi avec des visites d\u00e9couvertes et animations 100% gratuites ! Amateur d\u2019humour, passe une soir\u00e9e au <strong><a href=\"https:\/\/smilecomedyclub.fr\/programmation\/\" target=\"_blank\" rel=\"noopener\">Smile Comedy Club<\/a><\/strong>. C\u00f4t\u00e9 cin\u00e9ma, il y en a pour tout le monde : viens regarder le nouveau <strong><a href=\"https:\/\/www.pathe.fr\/films\/mission-impossible-the-final-reckoning-12404\/filters\/date-2025-05-21\" target=\"_blank\" rel=\"noopener\">Mission Impossible en salle IMAX \u00e0 Nantes<\/a><\/strong> ou, dans un autre style, passer un moment avec la mascotte Stitch \u00e0 <strong><a href=\"https:\/\/www.ugc.fr\/film_lilo_et_stitch_16877.html?cinemaId=31\" target=\"_blank\" rel=\"noopener\">l\u2019UGC pour la sortie de Lilo &amp; Stitch<\/a><\/strong>. Tu as une \u00e2me d\u2019artiste ? Rends-toi \u00e0 l\u2019<strong><a href=\"https:\/\/ateliercafecito.com\/\" target=\"_blank\" rel=\"noopener\">Atelier Cr\u00e9atif Cafecito<\/a><\/strong>. En plus, il y a une petite r\u00e9duc pour la f\u00eate des m\u00e8res \ud83d\ude09. Et en parlant de la f\u00eate des m\u00e8res, c\u2019est l\u2019occasion parfaite d\u2019aller bruncher au <strong><a href=\"https:\/\/www.black-shelter.fr\/\" target=\"_blank\" rel=\"noopener\">Black Shelter<\/a><\/strong>. Bref, on t\u2019avait pr\u00e9venu, le programme est tr\u00e8s charg\u00e9 et tu as de quoi faire \u00e0 Nantes !<\/p>\n<p>Et \u00e7a, c\u2019est qu\u2019un aper\u00e7u\u2026\u00a0<strong>Regarde la liste ci-dessous<\/strong>\u00a0pour ne rien manquer, et surtout,\u00a0on te souhaite un <strong>bon week-end \u00e0 Nantes<\/strong>\u00a0\u2764\ufe0f<\/p>\n<p><img decoding=\"async\" class=\"lazyload wp-block-cover__image-background wp-image-112113 size-full\" alt=\"\" src=\"https:\/\/www.europesays.com\/fr\/wp-content\/uploads\/2025\/05\/1747961427_856_A4_Borchure_Mockup_7-1.png\" style=\"object-position:56% 70%\" data-object-fit=\"cover\" data-object-position=\"56% 70%\"\/>commandez le passeport de l&rsquo;ap\u00e9ro<br \/>95\u20ac de consos offertes !  Tout le week-endVendredi, samedi et dimanche   Festival GALLIA \u00e0 La Chaumi\u00e8re  Et oui&#8230; apr\u00e8s une premi\u00e8re \u00e9dition compl\u00e8tement folle en 2023, nos copains brasseurs parisiens sont de retour en 2025 pour une deuxi\u00e8me \u00e9dition du <strong>Festival GALLIA<\/strong> ! Au programme : <strong>5 jours de f\u00eates<\/strong>, de concerts, d&rsquo;Open Air, de Street Food et de bi\u00e8res de toutes les couleurs !<\/p>\n<p> <strong>O\u00f9<\/strong>La Chaumi\u00e8re<br \/><strong>Quand<\/strong>aujourd\u2019hui<br \/><strong>Tarif<\/strong>Prix libre<\/p>\n<p>  Le festival Fumetti \u00e0 Nantes <\/p>\n<p>Mais quel boucan ! Quel tintamarre ! Quelle cacophonie ! \u00c7a grrrrrrouille de brrrrruits\u2026 \u00c9coute cette fanfare de livres qui chantent, crient, dansent et savent parfois faire place au silence ! Rendez-vous du <strong>22 au 25 mai<\/strong> \u00e0 deux pas de <strong>Manufacture<\/strong> pour une kermesse graphique joyeuse et bruyante, un salon d&rsquo;\u00e9dition ind\u00e9pendant, des expositions, des rencontres, des ateliers et des concerts !<\/p>\n<p> <strong>O\u00f9<\/strong>6 cour Jules Durand, 44000 Nantes, France<br \/><strong>Quand<\/strong>aujourd\u2019hui<br \/><strong>Tarif<\/strong>Gratuit <\/p>\n<p>  Nouveau : Euphoria Nantes Festival week-end 1  <strong>Du 22 au 31 mai 2025<\/strong>, le nouveau festival <strong>Euphoria<\/strong> d\u00e9barque \u00e0 Min de Rien sur l\u2019\u00cele de Nantes ! Paco Tyson, Krumpp et le Micro Comedy Club s&rsquo;associent pour te proposer une semaine de pur kiff en mode open air avec du rap, de la techno, de la house et de la trance. Mais aussi du stand-up, de la bonne bouffe et des animations pour une ambiance de dingue.<\/p>\n<p> <strong>O\u00f9<\/strong>MiN De Rien<br \/><strong>Quand<\/strong>aujourd\u2019hui<br \/><strong>Tarif<\/strong>Payant<\/p>\n<p>  Jeudi   Soul Sessions au Live Bar  C&rsquo;est la fin de la saison 2024-2025 pour la <strong>jam du Live Bar<\/strong>, et pour terminer en beaut\u00e9, un line up de folie, pour une soir\u00e9e de folie le <strong>jeudi 22 mai<\/strong> 2025 : <strong>Nour Laur\u00e8ne PM, Yvon Bernard, Serge Rozumek, Andr\u00e9s Restrepo, Flavien Valery, et Simon Bismuth<\/strong> !<\/p>\n<p> <strong>O\u00f9<\/strong>Le Live Bar<br \/><strong>Quand<\/strong>hier<br \/><strong>Horaires<\/strong>De 20h00 \u00e0 23h00<br \/><strong>Tarif<\/strong>Gratuit <\/p>\n<p>  Soir\u00e9e blanche chez Goguette : DJ, hu\u00eetres et ros\u00e9  <strong>Goguette <\/strong>organise sa soir\u00e9e blanche le <strong>22 mai 2025 de 18h \u00e0 23h !<\/strong> Au programme, huitres, ros\u00e9 et DJ set&#8230; le tout sur une belle terrasse ensoleill\u00e9e. Et pour continuer la soir\u00e9e jusqu&rsquo;au bout de la nuit, direction L&rsquo;\u00e9toile Graslin \u00e0 partir de 23h30.<\/p>\n<p> <strong>O\u00f9<\/strong>Goguette<br \/><strong>Quand<\/strong>hier<br \/><strong>Horaires<\/strong>De 18h00 \u00e0 23h00<br \/><strong>Tarif<\/strong>Gratuit <\/p>\n<p>  Cin\u00e9ma en plein air sur un toit <\/p>\n<p data-start=\"73\" data-end=\"429\"><strong>Jeudi 22 mai<\/strong>, direction le <strong data-start=\"146\" data-end=\"190\">toit de l\u2019\u00c9cole d\u2019architecture de Nantes<\/strong> pour une soir\u00e9e cin\u00e9ma en plein air un peu sp\u00e9ciale. Les \u00e9tudiant\u00b7es ont imagin\u00e9 et construit une structure \u00e9ph\u00e9m\u00e8re pour projeter des films en plein air dans le cadre du festival Archiculture. D\u00e8s 20h, viens boire un verre, manger un bout avec les assos Barbaril et La Baravane, le tout en musique avec la fanfare Les Durs \u00e0 Cuivre. Et \u00e0 la tomb\u00e9e de la nuit, place \u00e0 la projection de courts-m\u00e9trages \u00e9tudiants et d\u2019une r\u00e9trospective du festival.<\/p>\n<p> <strong>O\u00f9<\/strong>Ensa nantes<br \/><strong>Quand<\/strong>hier<br \/><strong>Horaires<\/strong>De 20h00 \u00e0 22h00<br \/><strong>Tarif<\/strong>Gratuit <\/p>\n<p>  Vendredi   La Punani est de retour \u00e0 Nantes <\/p>\n<p>La Punani revient pour une 3\u00e8me \u00e9dition au <strong>Moda Club \u00e0 Nantes<\/strong> le <strong>vendredi 23 mai 2025.<\/strong> Pr\u00e9pare-toi pour une vraie nuit blanche de 00h \u00e0 6h. Au programme, DJ set d&rsquo;afro, amapiano, baile funk, bouyon, RnB (et on en passe) avec Sugar Tantine et Feaith aux platines et une performance krump de malade par Tsaom. \u00c7a s&rsquo;annonce\u00a0tr\u00e8s cool!<\/p>\n<p> <strong>O\u00f9<\/strong>Le Moda<br \/><strong>Quand<\/strong>aujourd\u2019hui<br \/><strong>Tarif<\/strong>Payant<\/p>\n<p>  Match de th\u00e9\u00e2tre La Faille et Lait chaud \u00e0 Nantes <\/p>\n<p>La Fabrique \u00e0 impros revient pour le bouquet final de la saison le<strong> 23 mai 2025<\/strong> \u00e0 la <strong>salle S\u00e9maphore Spectacles<\/strong>. La soir\u00e9e <strong>La Faille et Lait chaud,<\/strong> c&rsquo;est un match d&rsquo;impros o\u00f9 des sc\u00e8nes spontan\u00e9es sont cr\u00e9\u00e9es par les artistes, dirig\u00e9es avec exigence par l&rsquo;arbitre, jug\u00e9es avec bienveillance par le public&#8230; Le tout dans une ambiance tr\u00e8s cool !<\/p>\n<p> <strong>O\u00f9<\/strong>Salle S\u00e9maphore<br \/><strong>Quand<\/strong>aujourd\u2019hui<br \/><strong>Tarif<\/strong>Payant<\/p>\n<p>  Boreal : L\u00e9o + Tommy au OHM Town \u00e0 Nantes <\/p>\n<p>Le r\u00e9sident de Boreal Tommy convie L\u00e9o du collectif brestois UUU pour une nouvelle soir\u00e9e <strong>Boreal<\/strong> le <strong>23 mai 2025<\/strong> au <strong>OHM Town<\/strong>. Une premi\u00e8re soir\u00e9e aux c\u00f4t\u00e9s de cet artiste de plus en plus pr\u00e9sent sur la sc\u00e8ne nantaise. Notamment apr\u00e8s des passages remarqu\u00e9s aux c\u00f4t\u00e9s deDistant Waters ou encore Voiceless.<\/p>\n<p> <strong>O\u00f9<\/strong>OHM Town<br \/><strong>Quand<\/strong>aujourd\u2019hui<br \/><strong>Tarif<\/strong>Gratuit <\/p>\n<p>  La soir\u00e9e Instant Funcky Party \u00e0 Nantes <\/p>\n<p>Envie de vivre une soir\u00e9e funky \u00e0 l\u2019ancienne ? Rendez-vous le <strong>23 mai 2025<\/strong> pour l&rsquo;<strong>Instant Funcky Party \u00e0 la Maison Caf\u00e9<\/strong>. Replonge-toi dans les grands classiques avec le DJ et ancien producteur des Funky Sar : Moar.<\/p>\n<p> <strong>O\u00f9<\/strong>La Maison caf\u00e9<br \/><strong>Quand<\/strong>aujourd\u2019hui<br \/><strong>Tarif<\/strong>Gratuit <\/p>\n<p>  Vide dressing de OHM town  \u00c0 l&rsquo;occasion des beaux jours, <strong>OHM Town<\/strong> organise son deuxi\u00e8me <strong>vide dressing<\/strong> ! Les exposant\u00b7es t&rsquo;ouvriront les portes de leur dressing pour offrir une seconde vie \u00e0 leurs plus belles pi\u00e8ces. C&rsquo;est l&rsquo;occasion parfaite pour rafra\u00eechir ta garde-robe, chiner des tr\u00e9sors de mode et partager un moment doux et festif autour d\u2019un verre et tapas maisons.<\/p>\n<p> <strong>O\u00f9<\/strong>OHM Town<br \/><strong>Quand<\/strong>aujourd\u2019hui<br \/><strong>Horaires<\/strong>De 17h00 \u00e0 22h00<br \/><strong>Tarif<\/strong>Gratuit <\/p>\n<p>  Jour de f\u00eate \u00e0 la Libre Usine \u00e0 Nantes  Apr\u00e8s une saison de r\u00e9sidences, de rencontres et de travail artistique, la Libre Usine organise un jour de f\u00eate le<strong> vendredi 23 mai 2025<\/strong>. Au programme, spectacles, rencontres avec des artistes, DJ set, ateliers cr\u00e9atifs et curiosit\u00e9s culinaires \u00e0 partager&#8230; le tout dans une ambiance conviviale et festive !<\/p>\n<p> <strong>O\u00f9<\/strong>La Libre Usine<br \/><strong>Quand<\/strong>aujourd\u2019hui<br \/><strong>Horaires<\/strong>De 17h30 \u00e0 21h00<br \/><strong>Tarif<\/strong>Gratuit <\/p>\n<p>  La GRANDE soir\u00e9e blindtest de l\u2019Ouest  Dans le cadre du<strong> festival Euphoria<\/strong>, rendez-vous \u00e0 la plus GRANDE soir\u00e9e blindtest de l\u2019Ouest<strong>\u00a0le vendredi 23 mai\u00a0!\u00a0<\/strong>Oui oui, tu vas pouvoir affronter des centaines de joueurs pour peut-\u00eatre devenir LE goat du blindtest \u00e0 Nantes. Et en plus, c&rsquo;est gratuit ! Les 2 animateurs, St\u00e9phane Castaldi et Brice Ferrer, vont t\u2019entra\u00eener dans des \u00e9preuves musicales d\u00e9jant\u00e9es\u2026 De quoi te faire vivre un moment compl\u00e8tement fou !<\/p>\n<p> <strong>O\u00f9<\/strong>MiN De Rien<br \/><strong>Quand<\/strong>aujourd\u2019hui<br \/><strong>Horaires<\/strong>De 18h00 \u00e0 23h30<br \/><strong>Tarif<\/strong>Gratuit <\/p>\n<p>  Trempo : Dengue Dengue Dengue + Caribombo  Trempo organise le vendredi 23 mai 2025 une soir\u00e9e live \u00e9lectro qui promet d&rsquo;\u00eatre super cool ! Au programme, le duo \u00e9lectro Dengue Dengue Dengue et le percussionniste, DJ et producteur Caribombo.<\/p>\n<p> <strong>O\u00f9<\/strong>Trempo<br \/><strong>Quand<\/strong>aujourd\u2019hui<br \/><strong>Horaires<\/strong>De 20h30 \u00e0 22h00<br \/><strong>Tarif<\/strong>Payant<\/p>\n<p>  Fulu Miziki en concert \u00e0 La Chaumi\u00e8re  Entre une date \u00e0 Paris, Londres et Montr\u00e9al, l&rsquo;immense groupe Fulu Miziki (RDC) arrive \u00e0 Nantes le vendredi 23 mai 2025&#8230; c&rsquo;est une date unique dans l&rsquo;Ouest de La France pour ces artistes qui se\u00a0d\u00e9finissent comme une assembl\u00e9e Eco-Friendly-Afro-Futuristic-Punk arrivant tout droit d\u2019un futur o\u00f9 les humains se sont r\u00e9concili\u00e9s avec la terre et avec eux-m\u00eames. <br class=\"html-br\"\/>Ils produisent une nouvelle musique post soukous explosive, compos\u00e9e uniquement \u00e0 partir d\u2019instruments fait de mat\u00e9riaux qu\u2019ils ont eux-m\u00eames recycl\u00e9s et assembl\u00e9s.<\/p>\n<p> <strong>O\u00f9<\/strong>La Chaumi\u00e8re<br \/><strong>Quand<\/strong>aujourd\u2019hui<br \/><strong>Horaires<\/strong>De 17h00 \u00e0 23h00<br \/><strong>Tarif<\/strong>Prix libre<\/p>\n<p>  Samedi   Nantes \u00e0 C\u0153ur : le Festival des Commer\u00e7ants  <strong>Le samedi 24 mai de 10h \u00e0 19h<\/strong>, ne rate pas <strong>Nantes \u00e0 C\u0153ur : Le Festival des Commer\u00e7ants !<\/strong> Organis\u00e9 par l&rsquo;association des commer\u00e7ants <strong>Plein Centre<\/strong>, ce festival va te faire profiter d\u2019un centre-ville en f\u00eate ! Les commer\u00e7ants vont animent les rues et leurs boutiques avec un tas d\u2019animations trop chouettes ! Au programme : <strong>march\u00e9s \u00e0 th\u00e8mes &amp; ateliers de sensibilisation, animations, d\u00e9gustations &amp; promotions en boutiques, fanfare, rue aux enfants, l\u00e9gos g\u00e9ants, concert, jeux concours &amp; lots \u00e0 gagner, et plein d\u2019autres surprises !<\/strong> <a href=\"https:\/\/taplink.cc\/nantesacoeur2025\" target=\"_blank\" rel=\"noopener\">Plus d&rsquo;infos ici !<\/a><\/p>\n<p> <strong>O\u00f9<\/strong>Centre ville de Nantes<br \/><strong>Quand<\/strong>demain<br \/><strong>Horaires<\/strong>De 10h00 \u00e0 19h00<br \/><strong>Tarif<\/strong>Gratuit <\/p>\n<p>  F\u00eate du Printemps  L&rsquo;association des commer\u00e7ants <strong>Mercoeur<\/strong> te r\u00e9serve un <strong>samedi 24 mai<\/strong> pas comme les autres avec sa mani\u00e8re de f\u00eater le printemps ! Rendez vous dans la rue <strong>Mercoeur<\/strong> pour un grand bingo avec de nombreux lots \u00e0 gagner, un d\u00e9fil\u00e9 de mode avec plein de looks pour te faire craquer et une ambiance comme nulle part ailleurs !<\/p>\n<p> <strong>O\u00f9<\/strong>Rue Mercoeur<br \/><strong>Quand<\/strong>demain<br \/><strong>Horaires<\/strong>De 10h00 \u00e0 19h00<br \/><strong>Tarif<\/strong>Gratuit <\/p>\n<p>  Jour de Danse Primavera \u00e0 Nantes  <strong>Primavera<\/strong> f\u00eate ses 10 ans le <strong>samedi 24 mai<\/strong>,\u00a0 et accueille familles, jeunes, artistes, amateur\u00b7rice\u00b7s et enseignant\u00b7e\u00b7s seront \u00e0 l\u2019honneur au <strong>CCNN<\/strong>. Au programme : ateliers, promenade guid\u00e9e en complicit\u00e9 avec le Printemps de la rue Noire, pi\u00e8ces port\u00e9es par des ados, DJ set, pi\u00e8ces chor\u00e9graphiques et plein d&rsquo;autres surprises !<\/p>\n<p> <strong>O\u00f9<\/strong>CCN de Nantes<br \/><strong>Quand<\/strong>demain<br \/><strong>Horaires<\/strong>De 10h30 \u00e0 19h00<br \/><strong>Tarif<\/strong>Gratuit <\/p>\n<p>  Journ\u00e9e festive : L\u2019Ap\u00e9ro Chin\u00e9 de la rue Four\u00e9 <\/p>\n<p>Le printemps s\u2019installe, le soleil tape (gentiment) et la rue Four\u00e9\/ Rue Colmar passent en mode chill pour l\u2019Ap\u00e9ro Chin\u00e9<strong> le samedi 24 mai d\u00e8s 11h !<\/strong> Profite d&rsquo;une journ\u00e9e cool &amp; festive en plein c\u0153ur de Nantes, au sein d\u2019une rue pi\u00e9tonne transform\u00e9e en un v\u00e9ritable terrain de chine. Au programme : <strong>une vingtaine de stands<\/strong> : fripes, bijoux, brocantes, illustrations\u2026,\u00a0 <strong>Dj sets<\/strong> avec DJ Pur\u00e9e, Mita &amp; le Collectif La Disqueuse, <strong>le d\u00e9fil\u00e9 chin\u00e9<\/strong> \u00e0 18h30, un <strong>stand de restauration<\/strong> \u00e0 emporter avec un large choix de bars &amp; restos pour combler les petites ou grandes faims et pour finir un <strong>photobooth vintage !<\/strong><\/p>\n<p> <strong>O\u00f9<\/strong>Rue Four\u00e9<br \/><strong>Quand<\/strong>demain<br \/><strong>Horaires<\/strong>De 11h00 \u00e0 22h00<br \/><strong>Tarif<\/strong>Gratuit <\/p>\n<p>  OPEN AIR : \u00c0 CHVAL CHANTALE + DYNAMO \u00e0 La Chaumi\u00e8re  Dans le cadre du<strong> Festival Gallia<\/strong>, la <strong>Chaumi\u00e8re<\/strong> invite le duo<strong> \u00c0 CHVAL CHANTALE<\/strong> pour un Open Air des familles le<strong> samedi 24 mai 2025<\/strong> \ud83e\udd29 ZELAM sera en charge du Warm Up d\u00e8s 15h pour \u00e9clairer le dancefloor et DYNAMO prendra le relais pour te mettre en jambes comme il se doit\u2026 Pr\u00eat \u00e0 danser ?<\/p>\n<p> <strong>O\u00f9<\/strong>La Chaumi\u00e8re<br \/><strong>Quand<\/strong>demain<br \/><strong>Horaires<\/strong>De 15h00 \u00e0 01h00<br \/><strong>Tarif<\/strong>Prix libre<\/p>\n<p>  La Fonky Family en concert \u00e0 Nantes  Les<strong>\u00a0l\u00e9gendes du rap<\/strong>\u00a0de la\u00a0<strong>Fonky Family<\/strong>\u00a0d\u00e9barquent \u00e0 Nantes\u00a0<strong>le samedi 24 mai 2024\u00a0<\/strong>pour un concert exceptionnel en mode\u00a0<strong>open air \u00e0 MiN de Rien<\/strong> sur l&rsquo;\u00cele de Nantes ! Apr\u00e8s un retour fracassant l\u2019an dernier pour f\u00eater leurs 30 ans, ils ne s\u2019arr\u00eatent pas l\u00e0 et remontent sur sc\u00e8ne en 2025 ! Pour notre plus grand plaisir, ils passeront \u00e0 Nantes accompagn\u00e9s de deux rappeurs de la nouvelle sc\u00e8ne du rap : <strong>Bekar et Mairo. <\/strong><a href=\"https:\/\/www.bigcitynantes.fr\/actu\/la-fonky-family-debarque-a-nantes-pour-un-concert-exceptionnel\/\" target=\"_blank\" rel=\"noopener\">Pour tout savoir sur le concert, c&rsquo;est par ici.<\/a><\/p>\n<p> <strong>O\u00f9<\/strong>MiN De Rien<br \/><strong>Quand<\/strong>demain<br \/><strong>Horaires<\/strong>De 18h00 \u00e0 23h45<br \/><strong>Tarif<\/strong>Payant<\/p>\n<p>  Vernissage de l\u2019exposition Underground \u00e0 Nantes  Le <strong>vendredi 24 mai<\/strong>, l&rsquo;exposition <strong>Underground<\/strong> verra le jour, et sera c\u00e9l\u00e9br\u00e9e par un <strong>DJ set B2B entre\u00a0KOBE et N\u2019somNiak<\/strong> ! L&rsquo;exposition Underground, dans une atmosph\u00e8re proche de l\u2019urbex, plongera le public dans un monde parfois musical, lumineux ou sombre, avec des surprises dans chaque recoin.  \u00a0<\/p>\n<p> <strong>O\u00f9<\/strong>39 Boulevard Gustave Roch<br \/><strong>Quand<\/strong>demain<br \/><strong>Horaires<\/strong>De 19h00 \u00e0 21h30<br \/><strong>Tarif<\/strong>Gratuit <\/p>\n<p>  Soir\u00e9e Disco Waack Fever au Ferrailleur  Tu l&rsquo;attendais, la voici : la <strong>3eme \u00e9dition<\/strong> de ta soir\u00e9e disco pr\u00e9f\u00e9r\u00e9e <strong>WAACK FEVER<\/strong> \u2728 De magnifiques surprises au programme: un dj set disco\/house de folie par symraah, une initiation et des shows Waacking, et bien s\u00fbr les contests best outfit et best clubber pour d\u00e9voiler tes talents !<\/p>\n<p> <strong>O\u00f9<\/strong>Le Ferrailleur<br \/><strong>Quand<\/strong>demain<br \/><strong>Horaires<\/strong>De 21h30 \u00e0 03h30<br \/><strong>Tarif<\/strong>Payant<\/p>\n<p>  Zomb\u2019in The Dark \u00e0 Nantes  Tu connais la<strong> for\u00eat de Vioreau<\/strong>, pr\u00e8s de <strong>Nantes<\/strong> ? En journ\u00e9e, ces bois sont calmes et paisibles. Mais la nuit, il devient le territoire de chasse des zombies\u2026 Viens leur \u00e9chapper le <strong>24 mai<\/strong> ! Le concept : Une course d&rsquo;orientation en<strong> territoire zombie<\/strong> ! Alors, pr\u00eat \u00e0 gagner ?<\/p>\n<p> <strong>O\u00f9<\/strong>Vioreau Pleine Nature<br \/><strong>Quand<\/strong>demain<br \/><strong>Horaires<\/strong>De 22h30 \u00e0 23h59<br \/><strong>Tarif<\/strong>Payant<\/p>\n<p>  La soir\u00e9e Dragmaa est de retour au Magmaa <\/p>\n<p>La soir\u00e9e Dragmaa revient le <strong>24 mai 2025 \u00e0 partir de 18h<\/strong> au <strong>Magmaa <\/strong>pour une cinqui\u00e8me \u00e9dition. Au programme, des Drag Shows pour cette \u00e9dition XXL avec L&rsquo;imp\u00e9ratrice,\u00a0Gono del Rey, Mlle Kiss, Lula Strega, Punani, Kr\u00e9ature et \u00e9videmment tes deux h\u00f4tesses favorites, Marie Paconn et Shigella !! Sans oublier le rendez-vous incontournable : \ud835\udc25a \ud835\udc0b\ud835\udc22\ud835\udc29\ud835\udc2c\ud835\udc32\ud835\udc27\ud835\udc1c \ud835\udc01\ud835\udc1a\ud835\udc2d\ud835\udc2d\ud835\udc25\ud835\udc1e avec plein de cadeau \u00e0 gagner !<\/p>\n<p> <strong>O\u00f9<\/strong>Magmaa Food Hall<br \/><strong>Quand<\/strong>demain<br \/><strong>Tarif<\/strong>Payant<\/p>\n<p>  Kids Camp &amp; House of Vibes  Le <strong>samedi 24 mai de 14h30 \u00e0 19h30<\/strong>, viens profiter des festivit\u00e9s du K<strong>ids Camp<\/strong> sur la grande terrasse du <strong>LAB<\/strong>. L&rsquo;occasion parfaite pour faire d\u00e9couvrir aux petits et aux grands le milieu reggae \/ dub avec diverses activit\u00e9s ! Au programme : ateliers, initiations, jeux, DJ set par Le GET UP ! CREW&#8230; le tout dans une ambiance conviviale et anim\u00e9e !<\/p>\n<p> <strong>O\u00f9<\/strong>Little Atlantique Brewery<br \/><strong>Quand<\/strong>demain<br \/><strong>Horaires<\/strong>De 14h30 \u00e0 19h30<br \/><strong>Tarif<\/strong>Gratuit <\/p>\n<p>  Samedi et  Dimanche   F\u00eate de la Nature 2025 \u00e0 La Maison du lac de Grand-Lieu  Les<strong> samedi 24 et dimanche 25 mai,<\/strong> la F\u00eate de la nature d\u00e9barque \u00e0 <strong>La Maison du Lac de Grand-Lieu<\/strong>, un spot unique pour observer le lac de Grand-Lieu, ses oiseaux et sa biodiversit\u00e9, \u00e0 seulement 20 minutes de Nantes ! Pour ce week-end festif, <strong>les visites d\u00e9couvertes et animations sont enti\u00e8rement gratuites !<\/strong> Tu pourras d\u00e9couvrir les expos, t&rsquo;\u00e9merveiller face au lac de Grand-Lieu et participer \u00e0 une fresque de la biodiversit\u00e9, une fresque de l&rsquo;eau et profiter de stands anim\u00e9s par des partenaires. <strong>R\u00e9servation obligatoire et uniquement par t\u00e9l\u00e9phone au 02 28 25 19 07 \ud83d\ude09<\/strong><\/p>\n<p> <strong>O\u00f9<\/strong>La Maison du Lac de Grand-Lieu<br \/><strong>Quand<\/strong>demain<br \/><strong>Horaires<\/strong>De 10h00 \u00e0 18h30<br \/><strong>Tarif<\/strong>Gratuit <\/p>\n<p>  Le plus grand march\u00e9 itin\u00e9rant de France d\u00e9barque \u00e0 Nantes  Le march\u00e9 g\u00e9ant <strong>Piou Piou Market<\/strong> d\u00e9barque \u00e0 Nantes ! Rendez vous \u00e0 la <strong>Cantine Num\u00e9rique le samedi 24 et dimanche 25 mai<\/strong> pour chiner comme jamais ! Au programme : des p\u00e9pites <strong>entre 2 et 10\u20ac<\/strong>, des<strong> cr\u00e9ateurs<\/strong>, un <strong>espace beaut\u00e9<\/strong> et plein d&rsquo;autres surprises\u2026 Alors, tu viens ?<\/p>\n<p> <strong>O\u00f9<\/strong>La Cantine Num\u00e9rique<br \/><strong>Quand<\/strong>demain<br \/><strong>Horaires<\/strong>De 10h00 \u00e0 19h00<br \/><strong>Tarif<\/strong>Gratuit <\/p>\n<p>  Le Slipfest #2 : R\u00e9veille le beauf qui est en toi !  Le <strong data-start=\"3\" data-end=\"15\">Slipfest<\/strong> revient pour une <strong data-start=\"33\" data-end=\"71\">deuxi\u00e8me \u00e9dition encore plus folle<\/strong>, et cette fois sur <strong data-start=\"91\" data-end=\"105\">deux jours<\/strong> ! Rendez-vous \u00e0 la guinguette <strong data-start=\"136\" data-end=\"151\">Les Nantais<\/strong>, au <strong data-start=\"156\" data-end=\"196\">Parc de la Carri\u00e8re \u00e0 Saint-Herblain les 24 et 25 mais 2025 <\/strong>pour un festival d\u00e9cal\u00e9, familial et totalement hors du temps. Au programme, des animations et une ambiance de dingue. <strong data-start=\"418\" data-end=\"455\">Respect et tol\u00e9rance obligatoires<\/strong>, mais les tenues de mauvais go\u00fbt sont vivement encourag\u00e9es.<\/p>\n<p> <strong>O\u00f9<\/strong>Les Nantais<br \/><strong>Quand<\/strong>demain<br \/><strong>Horaires<\/strong>De 12h00 \u00e0 22h00<br \/><strong>Tarif<\/strong>Gratuit <\/p>\n<p>  Premier festival de plantes d\u2019int\u00e9rieur de France  <strong>Le week-end du 24 et 25 mai<\/strong>, rendez-vous chez <strong data-start=\"141\" data-end=\"150\">Pol\u2019n<\/strong> pour la toute premi\u00e8re \u00e9dition du <strong data-start=\"185\" data-end=\"208\">festival La Semeuse<\/strong>, d\u00e9di\u00e9 aux plantes d\u2019int\u00e9rieur et \u00e0 la culture green. Au programme : un march\u00e9 de p\u00e9pini\u00e9ristes et d\u2019artisans, des ateliers DIY (rempotage, bouturage, tuteurs\u2026), des conf\u00e9rences, des tables rondes, mais aussi des concerts, un bingo drag, une tombola et des animations pour les enfants. De quoi faire le plein de conseils, de d\u00e9couvertes et de bonnes ondes vertes dans une ambiance conviviale et festive !<\/p>\n<p> <strong>O\u00f9<\/strong>Pol\u2019n<br \/><strong>Quand<\/strong>demain<br \/><strong>Tarif<\/strong>Gratuit <\/p>\n<p>  Dimanche   The Brunch Drag est de retour \u00e0 Nantes <\/p>\n<p><strong>The Brunch Drag<\/strong> revient pour une neuvi\u00e8me \u00e9dition le <strong>25 mai 2025<\/strong> au <strong>Mashup \u00e0 Nantes <\/strong>(deux services: <strong>11h30 et 13h30<\/strong>). Anim\u00e9 par la drag queen nantaise Jodye Coaster et les invit\u00e9es Sylvia Lovelace et Gloria Gaine d&rsquo;or, viens partager un brunch endiabl\u00e9 au son des num\u00e9ros de tes drags pr\u00e9f\u00e9r\u00e9.e.s, et quelques surprises au programme.<\/p>\n<p> <strong>O\u00f9<\/strong>Mashup Nantes<br \/><strong>Quand<\/strong>apr\u00e8s-demain<br \/><strong>Tarif<\/strong>Gratuit <\/p>\n<p>  Vide grenier au Parc du Grand Blottereau  Ce <strong>dimanche 25 mai 2025<\/strong>, l\u2019association de <strong>quartier l&rsquo;Amicale La\u00efque de Doulon<\/strong> organise un <strong>vide-grenier <\/strong>de 9h \u00e0 18h au <strong>parc du Grand Blottereau<\/strong>, l\u2019occasion id\u00e9ale pour faire de bonnes affaires en plein air. Une buvette et un stand de restauration seront sur place pour accompagner votre visite.<\/p>\n<p> <strong>O\u00f9<\/strong>Parc du Grand Blottereau<br \/><strong>Quand<\/strong>apr\u00e8s-demain<br \/><strong>Horaires<\/strong>De 09h00 \u00e0 18h00<br \/><strong>Tarif<\/strong>Gratuit <\/p>\n<p>  Nantes : Le Grand vide grenier de la Ville en Bois <\/p>\n<p>Envie de d\u00e9nicher des p\u00e9pites en plein c\u0153ur de Nantes ? <strong>Dimanche 25 mai<\/strong>, Les ateliers de la <strong>Ville en Bois<\/strong> organisent leur premier vide-grenier. Il y aura m\u00eame un bar et on esp\u00e8re du soleil !<\/p>\n<p> <strong>O\u00f9<\/strong>Atelier de la Ville en Bois<br \/><strong>Quand<\/strong>apr\u00e8s-demain<br \/><strong>Horaires<\/strong>De 10h00 \u00e0 16h00<br \/><strong>Tarif<\/strong>Gratuit <\/p>\n<p>  Rencontre Stitch \u00e0 Nantes !  Pour c\u00e9l\u00e9brer la sortie du tr\u00e8s attendu<strong> Lilo &amp; Stitch le 21 mai<\/strong>, l\u2019<strong>UGC Atlantis<\/strong> organise un \u00e9v\u00e9nement exceptionnel : la mascotte <strong>Stitch<\/strong> sera pr\u00e9sente le <strong>dimanche 25 mai<\/strong>, de 10h \u00e0 17h ! Petits (et grands) pourront la rencontrer, prendre des photos et repartir avec des souvenirs m\u00e9morables. L\u2019occasion ne se repr\u00e9sentera pas deux fois\u2026 ne manque pas \u00e7a !<\/p>\n<p> <strong>O\u00f9<\/strong>UGC Atlantis<br \/><strong>Quand<\/strong>apr\u00e8s-demain<br \/><strong>Horaires<\/strong>De 10h00 \u00e0 17h00<br \/><strong>Tarif<\/strong>Gratuit <\/p>\n<p>  Sunday Brunch au Black Shelter \u00e0 Orvault  Si tu es du genre \u00e0 penser que le dimanche est fait pour chiller et bien manger, c<strong>haque dimanche de 12h \u00e0 17h<\/strong>, le\u00a0<strong>Black Shelter<\/strong>, un nouveau pub irlandais, te propose de venir bruncher dans une ambiance ultra conviviale et chaleureuse. <strong>Musique live, buffet XXL et sp\u00e9cialit\u00e9s anglo-saxonne, tu vas forc\u00e9ment trouver ton bonheur. En plus dimanche, c&rsquo;est la f\u00eate des m\u00e8res, l&rsquo;occasion parfaite de te r\u00e9galer \ud83d\ude09.<\/strong><\/p>\n<p> <strong>O\u00f9<\/strong>Black Shelter \u00e0 Orvault<br \/><strong>Quand<\/strong>apr\u00e8s-demain<br \/><strong>Tarif<\/strong>Payant<\/p>\n<p>  Un atelier Cr\u00e9atif chez Cafecito  Le spot <strong>Cafecito<\/strong> juste trop mignon te propose des activit\u00e9s 100% manuelles. Tu peux y r\u00e9aliser plein d\u2019ateliers cr\u00e9atifs : <strong>peinture sur c\u00e9ramique, linogravure, jesmonite, tufting et bien d\u2019autres\u2026\u00a0<\/strong>Le tout dans une ambiance super chaleureuse et color\u00e9e.\u00a0 <strong>Dimanche 25 mai<\/strong>, c&rsquo;est la f\u00eate des m\u00e8res, l&rsquo;occasion parfaite de passer un moment de complicit\u00e9 et de partage. En plus, il y a une offre sp\u00e9ciale de <strong>-25%<\/strong> le jour-j \ud83d\ude09<\/p>\n<p> <strong>O\u00f9<\/strong>Atelier Cafecito<br \/><strong>Quand<\/strong>apr\u00e8s-demain<br \/><strong>Horaires<\/strong>De 10h00 \u00e0 16h00<br \/><strong>Tarif<\/strong>Payant<\/p>\n<p>\u00c0 faire chaque week-end<img decoding=\"async\" class=\"lazyload wp-block-cover__image-background wp-image-112113 size-full\" alt=\"\" src=\"https:\/\/www.europesays.com\/fr\/wp-content\/uploads\/2025\/05\/1747961427_856_A4_Borchure_Mockup_7-1.png\" style=\"object-position:56% 70%\" data-object-fit=\"cover\" data-object-position=\"56% 70%\"\/>commandez le passeport de l&rsquo;ap\u00e9ro<br \/>95\u20ac de consos offertes !<\/p>\n","protected":false},"excerpt":{"rendered":"Ce week-end, Nantes va bouger avec PLEIN d\u2019\u00e9v\u00e9nements et de festivit\u00e9s au programme ! Que tu sois plut\u00f4t&hellip;\n","protected":false},"author":2,"featured_media":120755,"comment_status":"","ping_status":"","sticky":false,"template":"","format":"standard","meta":{"footnotes":""},"categories":[2818],"tags":[1111,11,4156,4157,1777,674,1011,27,766,12,2636,25,953,1669,3140,4064],"class_list":{"0":"post-120754","1":"post","2":"type-post","3":"status-publish","4":"format-standard","5":"has-post-thumbnail","7":"category-nantes","8":"tag-actu","9":"tag-actualites","10":"tag-concerts","11":"tag-dj-sets","12":"tag-eu","13":"tag-europe","14":"tag-fr","15":"tag-france","16":"tag-nantes","17":"tag-news","18":"tag-pays-de-la-loire","19":"tag-republique-francaise","20":"tag-soiree","21":"tag-sorties","22":"tag-spectacle","23":"tag-week-end"},"share_on_mastodon":{"url":"https:\/\/pubeurope.com\/@fr\/114554406511502750","error":""},"_links":{"self":[{"href":"https:\/\/www.europesays.com\/fr\/wp-json\/wp\/v2\/posts\/120754","targetHints":{"allow":["GET"]}}],"collection":[{"href":"https:\/\/www.europesays.com\/fr\/wp-json\/wp\/v2\/posts"}],"about":[{"href":"https:\/\/www.europesays.com\/fr\/wp-json\/wp\/v2\/types\/post"}],"author":[{"embeddable":true,"href":"https:\/\/www.europesays.com\/fr\/wp-json\/wp\/v2\/users\/2"}],"replies":[{"embeddable":true,"href":"https:\/\/www.europesays.com\/fr\/wp-json\/wp\/v2\/comments?post=120754"}],"version-history":[{"count":0,"href":"https:\/\/www.europesays.com\/fr\/wp-json\/wp\/v2\/posts\/120754\/revisions"}],"wp:featuredmedia":[{"embeddable":true,"href":"https:\/\/www.europesays.com\/fr\/wp-json\/wp\/v2\/media\/120755"}],"wp:attachment":[{"href":"https:\/\/www.europesays.com\/fr\/wp-json\/wp\/v2\/media?parent=120754"}],"wp:term":[{"taxonomy":"category","embeddable":true,"href":"https:\/\/www.europesays.com\/fr\/wp-json\/wp\/v2\/categories?post=120754"},{"taxonomy":"post_tag","embeddable":true,"href":"https:\/\/www.europesays.com\/fr\/wp-json\/wp\/v2\/tags?post=120754"}],"curies":[{"name":"wp","href":"https:\/\/api.w.org\/{rel}","templated":true}]}}