{"id":120764,"date":"2025-05-23T00:56:24","date_gmt":"2025-05-23T00:56:24","guid":{"rendered":"https:\/\/www.europesays.com\/fr\/120764\/"},"modified":"2025-05-23T00:56:24","modified_gmt":"2025-05-23T00:56:24","slug":"un-festival-melant-techno-trance-et-hard-groove-va-sorganiser-dans-un-ancien-couvent","status":"publish","type":"post","link":"https:\/\/www.europesays.com\/fr\/120764\/","title":{"rendered":"un festival m\u00ealant techno, trance et hard groove va s&rsquo;organiser dans un ancien couvent"},"content":{"rendered":"<p>\t\t\t102<\/p>\n<p><b>Le samedi 31 mai prochain aura lieu la premi\u00e8re \u00e9dition d\u2019Equinox, dans un couvent du XIX\u00e8me si\u00e8cle \u00e0 Roubaix. N\u00e9 d\u2019une initiative \u00e9tudiante, ce festival techno ambitionne de devenir un \u00e9v\u00e9nement majeur de la r\u00e9gion, r\u00e9unissant les amateurs de musiques \u00e9lectroniques.\u00a0<\/b><\/p>\n<p>Une cr\u00e9ation \u00e9tudiante ambitieuse<\/p>\n<p>En 2024, une poign\u00e9e d\u2019\u00e9tudiants de l\u2019\u00e9cole d\u2019ing\u00e9nieurs Centrale Lille ont fond\u00e9 l\u2019association Centrale Lille Festival, dans le but de produire des \u00e9v\u00e9nements autour des musiques \u00e9lectroniques et de promouvoir des talents locaux. Cette ann\u00e9e, CLF organise la premi\u00e8re \u00e9dition de son festival techno : <a href=\"https:\/\/www.instagram.com\/p\/DJ4fzfCNaXd\/\" target=\"_blank\" rel=\"noopener nofollow\"><b>Equinox<\/b><\/a>.<\/p>\n<p><img aria-describedby=\"caption-attachment-87800\" decoding=\"async\" loading=\"lazy\" class=\"size-full wp-image-87800\" src=\"https:\/\/www.europesays.com\/fr\/wp-content\/uploads\/2025\/05\/DJ-CONTEST-EQUINOX.jpg\" alt=\"Le pr\u00e9c\u00e9dent \u00e9v\u00e9nement de CLF, un DJ contest pour mixer \u00e0 Equinox Festival\" width=\"1920\" height=\"1080\"  \/><\/p>\n<p id=\"caption-attachment-87800\" class=\"wp-caption-text\">Le pr\u00e9c\u00e9dent \u00e9v\u00e9nement de CLF, un DJ contest pour mixer \u00e0 Equinox Festival<\/p>\n<p>Le nom du projet est inspir\u00e9 d\u2019un ph\u00e9nom\u00e8ne c\u00e9leste du m\u00eame nom, l\u2019\u00e9quinoxe, qui d\u00e9signe deux jours de l\u2019ann\u00e9e durant lesquels la nuit et le jour ont la m\u00eame dur\u00e9e. Dans cette id\u00e9e, le festival se d\u00e9roulera le samedi 31 mai de 16h \u00e0 4h, \u00e0 mi-chemin entre le jour et la nuit, avec une premi\u00e8re partie en open air et la seconde en int\u00e9rieur sur un format club.<\/p>\n<p>Bien que cette \u00e9dition soit une premi\u00e8re, le festival semble d\u00e9j\u00e0 prometteur, avec notamment un cadre d\u2019exception qui se trouve \u00eatre le<a href=\"https:\/\/electro-news.eu\/ellen-allien-trym-alignment-les-pointures-de-la-techno-vont-jouer-dans-le-nord-au-festival-name\/\" target=\"_blank\" rel=\"noopener nofollow\"><b> Couvent de Roubaix<\/b><\/a>, un b\u00e2timent historique du XIX\u00e8me si\u00e8cle d\u00e9sormais devenu un tiers lieu culturel notoire de la r\u00e9gion.<\/p>\n<p>Un festival pour les amateurs d\u2019\u00e9lectro en tous genres<\/p>\n<p>Produit par une association elle-m\u00eame ax\u00e9e sur les musiques \u00e9lectroniques, Equinox a pour ambition de mettre en avant ce style, ses sous-genres et ses acteurs. Ainsi, la programmation du festival se veut \u00e9clectique et r\u00e9partie sur 3 sc\u00e8nes, avec tout de m\u00eame comme ligne directrice un nombre de bpm \u00e9lev\u00e9 et des kicks puissants.<\/p>\n<p>En effet, les festivaliers pourront par exemple retrouver la DJ et productrice <a href=\"https:\/\/www.instagram.com\/canelledoublekick\/\" target=\"_blank\" rel=\"noopener nofollow\"><b>Cannelle Doublekick<\/b><\/a> et ses sets hard dance plein d\u2019\u00e9nergie, ainsi que le pro du mix sur vinyle <a href=\"https:\/\/www.instagram.com\/tarkno\/\" target=\"_blank\" rel=\"noopener nofollow\"><b>Tarkno<\/b><\/a> et sa techno brute et puissante. Il sera en b2b avec le DJ <a href=\"https:\/\/www.instagram.com\/slin_dj\/\" target=\"_blank\" rel=\"noopener nofollow\"><b>Slin<\/b><\/a>, quant \u00e0 lui bas\u00e9 \u00e0 Berlin et qui propose une techno rebondissante pleine de groove.<\/p>\n<p><img aria-describedby=\"caption-attachment-87801\" decoding=\"async\" loading=\"lazy\" class=\"size-full wp-image-87801\" src=\"https:\/\/www.europesays.com\/fr\/wp-content\/uploads\/2025\/05\/AFFICHE-EQUINOX.jpg\" alt=\"L'affiche officielle de la 1\u00e8re \u00e9dition d'Equinox Festival\" width=\"1920\" height=\"1080\"  \/><\/p>\n<p id=\"caption-attachment-87801\" class=\"wp-caption-text\">L\u2019affiche officielle de la 1\u00e8re \u00e9dition d\u2019Equinox Festival<\/p>\n<p>La trance sera \u00e9galement mise \u00e0 l\u2019honneur avec le DJ et producteur germano-iranien <a href=\"https:\/\/www.instagram.com\/arman_john\/\" target=\"_blank\" rel=\"noopener nofollow\"><b>Arman John<\/b><\/a>, \u00e9galement grand utilisateur du 303 pour des sonorit\u00e9s acid. Trois autres DJ viendront d\u00e9fendre les couleurs lilloises : <a href=\"https:\/\/www.instagram.com\/mathyslenne__\/\" target=\"_blank\" rel=\"noopener nofollow\"><b>Mathys Lenne<\/b><\/a>, aujourd\u2019hui bas\u00e9 \u00e0 Berlin, <b><a href=\"https:\/\/www.instagram.com\/angelecressin\/\" target=\"_blank\" rel=\"noopener nofollow\">Ang\u00e8le<\/a><a href=\"https:\/\/www.instagram.com\/angelecressin\/\" target=\"_blank\" rel=\"noopener nofollow\"> Cressin<\/a> <\/b>et ses sets aux influences techno indus et <a href=\"https:\/\/www.instagram.com\/too.many.cars\/\" target=\"_blank\" rel=\"noopener nofollow\"><b>Too Many Cars<\/b><\/a>, qui apportera quant \u00e0 lui sa touche house et italo disco.<\/p>\n<p>Pour plus d\u2019informations, rendez-vous sur <a href=\"https:\/\/www.instagram.com\/festival.equinox\/\" target=\"_blank\" rel=\"noopener nofollow\"><b>les r\u00e9seaux de l\u2019\u00e9v\u00e9nement<\/b><\/a>\u00a0ou sur <a href=\"https:\/\/shotgun.live\/fr\/festivals\/equinox\" target=\"_blank\" rel=\"noopener nofollow\"><b>la billetterie<\/b><\/a>.<\/p>\n<p>\t\t\t\t\t\t\t        <script async src=\"\/\/www.instagram.com\/embed.js\"><\/script><\/p>\n","protected":false},"excerpt":{"rendered":"102 Le samedi 31 mai prochain aura lieu la premi\u00e8re \u00e9dition d\u2019Equinox, dans un couvent du XIX\u00e8me si\u00e8cle&hellip;\n","protected":false},"author":2,"featured_media":120765,"comment_status":"","ping_status":"","sticky":false,"template":"","format":"standard","meta":{"footnotes":""},"categories":[2815],"tags":[1111,11,1777,674,849,1011,27,811,1307,12,25],"class_list":{"0":"post-120764","1":"post","2":"type-post","3":"status-publish","4":"format-standard","5":"has-post-thumbnail","7":"category-lille","8":"tag-actu","9":"tag-actualites","10":"tag-eu","11":"tag-europe","12":"tag-festival","13":"tag-fr","14":"tag-france","15":"tag-hauts-de-france","16":"tag-lille","17":"tag-news","18":"tag-republique-francaise"},"share_on_mastodon":{"url":"https:\/\/pubeurope.com\/@fr\/114554430006739508","error":""},"_links":{"self":[{"href":"https:\/\/www.europesays.com\/fr\/wp-json\/wp\/v2\/posts\/120764","targetHints":{"allow":["GET"]}}],"collection":[{"href":"https:\/\/www.europesays.com\/fr\/wp-json\/wp\/v2\/posts"}],"about":[{"href":"https:\/\/www.europesays.com\/fr\/wp-json\/wp\/v2\/types\/post"}],"author":[{"embeddable":true,"href":"https:\/\/www.europesays.com\/fr\/wp-json\/wp\/v2\/users\/2"}],"replies":[{"embeddable":true,"href":"https:\/\/www.europesays.com\/fr\/wp-json\/wp\/v2\/comments?post=120764"}],"version-history":[{"count":0,"href":"https:\/\/www.europesays.com\/fr\/wp-json\/wp\/v2\/posts\/120764\/revisions"}],"wp:featuredmedia":[{"embeddable":true,"href":"https:\/\/www.europesays.com\/fr\/wp-json\/wp\/v2\/media\/120765"}],"wp:attachment":[{"href":"https:\/\/www.europesays.com\/fr\/wp-json\/wp\/v2\/media?parent=120764"}],"wp:term":[{"taxonomy":"category","embeddable":true,"href":"https:\/\/www.europesays.com\/fr\/wp-json\/wp\/v2\/categories?post=120764"},{"taxonomy":"post_tag","embeddable":true,"href":"https:\/\/www.europesays.com\/fr\/wp-json\/wp\/v2\/tags?post=120764"}],"curies":[{"name":"wp","href":"https:\/\/api.w.org\/{rel}","templated":true}]}}