{"id":120766,"date":"2025-05-23T00:57:09","date_gmt":"2025-05-23T00:57:09","guid":{"rendered":"https:\/\/www.europesays.com\/fr\/120766\/"},"modified":"2025-05-23T00:57:09","modified_gmt":"2025-05-23T00:57:09","slug":"derange-en-pleine-transaction-il-jette-un-demi-kilo-de-drogue-devant-des-policiers-municipaux-a-marseille","status":"publish","type":"post","link":"https:\/\/www.europesays.com\/fr\/120766\/","title":{"rendered":"D\u00e9rang\u00e9 en pleine transaction, il jette un demi-kilo de drogue devant des policiers municipaux \u00e0 Marseille"},"content":{"rendered":"<p>Ils ont eu l&rsquo;impression de d\u00e9ranger, ce mardi 20 mai, en fin de matin\u00e9e, en d\u00e9boulant au pied des tours du 38 La Viste, dans le 15e arrondissement de Marseille. Les agents de la brigade nord de <a href=\"https:\/\/www.laprovence.com\/article\/region\/1770592809741514\/marseille-porte-d-aix-la-police-municipale-fait-fuir-les-vendeurs-a-la-sauvette-et-les-touristes-reviennent\" target=\"_blank\" rel=\"noopener\">la police municipale<\/a> assistaient en fait \u00e0 une transaction de stup\u00e9fiants entre un jeune homme et un autre, v\u00eatu de noir. Apr\u00e8s un temps d&rsquo;h\u00e9sitation, ce dernier a pris ses jambes \u00e0 son cou en jetant son sac tandis que les policiers partaient \u00e0 ses trousses.<\/p>\n<p>Le dealer est parvenu \u00e0 s&rsquo;\u00e9clipser dans l&rsquo;un des immeubles, o\u00f9 il s&rsquo;est enferm\u00e9 dans l&rsquo;un des appartements. L&rsquo;homme a\u00a0 laiss\u00e9 derri\u00e8re lui plus d&rsquo;un demi-kilo de drogue, dont 32 grammes de coca\u00efne, r\u00e9cup\u00e9r\u00e9s par les fonctionnaires. Moins aguerri, le client, un jeune \u00e9l\u00e8ve du lyc\u00e9e Saint-Exup\u00e9ry n&rsquo;a pas fait l&rsquo;objet d&rsquo;une amende forfaitaire d\u00e9lictuelle car la transaction n&rsquo;a pas eu temps d&rsquo;aboutir, mais il s&rsquo;est fait remonter les bretelles par les agents.\u00a0<\/p>\n<p>1,5 kg de shit et 143 grammes de coca\u00efne \u00e0 la Solidarit\u00e9<\/p>\n<p>Le lendemain, ce mercredi 21 mai, vers 14h30, c&rsquo;est un sac encore plus charg\u00e9 qui a \u00e9t\u00e9 saisi par un \u00e9quipage de la police nationale un peu plus au nord, dans le quartier de la Solidarit\u00e9.<\/p>\n<p>Les agents en patrouille ont simplement poursuivi un jeune homme aper\u00e7u derri\u00e8re les barricades mises en place pour prot\u00e9ger le point de deal. Le vendeur, un Soudanais de 23 ans en situation irr\u00e9guli\u00e8re a \u00e9t\u00e9 interpell\u00e9 avec 1,5 kilo de r\u00e9sine de cannabis et plus de 140 grammes de coca\u00efne.<\/p>\n","protected":false},"excerpt":{"rendered":"Ils ont eu l&rsquo;impression de d\u00e9ranger, ce mardi 20 mai, en fin de matin\u00e9e, en d\u00e9boulant au pied&hellip;\n","protected":false},"author":2,"featured_media":120767,"comment_status":"","ping_status":"","sticky":false,"template":"","format":"standard","meta":{"footnotes":""},"categories":[2814],"tags":[17,1111,11,24256,24253,13413,1052,1777,674,274,1011,27,24255,884,12,19940,882,25,24254],"class_list":{"0":"post-120766","1":"post","2":"type-post","3":"status-publish","4":"format-standard","5":"has-post-thumbnail","7":"category-marseille","8":"tag-17","9":"tag-actu","10":"tag-actualites","11":"tag-demi-kilo","12":"tag-derange","13":"tag-devant","14":"tag-drogue","15":"tag-eu","16":"tag-europe","17":"tag-faits-divers-justice","18":"tag-fr","19":"tag-france","20":"tag-jette","21":"tag-marseille","22":"tag-news","23":"tag-pleine","24":"tag-provence-alpes-cote-dazur","25":"tag-republique-francaise","26":"tag-transaction"},"share_on_mastodon":{"url":"https:\/\/pubeurope.com\/@fr\/114554434080282513","error":""},"_links":{"self":[{"href":"https:\/\/www.europesays.com\/fr\/wp-json\/wp\/v2\/posts\/120766","targetHints":{"allow":["GET"]}}],"collection":[{"href":"https:\/\/www.europesays.com\/fr\/wp-json\/wp\/v2\/posts"}],"about":[{"href":"https:\/\/www.europesays.com\/fr\/wp-json\/wp\/v2\/types\/post"}],"author":[{"embeddable":true,"href":"https:\/\/www.europesays.com\/fr\/wp-json\/wp\/v2\/users\/2"}],"replies":[{"embeddable":true,"href":"https:\/\/www.europesays.com\/fr\/wp-json\/wp\/v2\/comments?post=120766"}],"version-history":[{"count":0,"href":"https:\/\/www.europesays.com\/fr\/wp-json\/wp\/v2\/posts\/120766\/revisions"}],"wp:featuredmedia":[{"embeddable":true,"href":"https:\/\/www.europesays.com\/fr\/wp-json\/wp\/v2\/media\/120767"}],"wp:attachment":[{"href":"https:\/\/www.europesays.com\/fr\/wp-json\/wp\/v2\/media?parent=120766"}],"wp:term":[{"taxonomy":"category","embeddable":true,"href":"https:\/\/www.europesays.com\/fr\/wp-json\/wp\/v2\/categories?post=120766"},{"taxonomy":"post_tag","embeddable":true,"href":"https:\/\/www.europesays.com\/fr\/wp-json\/wp\/v2\/tags?post=120766"}],"curies":[{"name":"wp","href":"https:\/\/api.w.org\/{rel}","templated":true}]}}