{"id":120776,"date":"2025-05-23T01:02:18","date_gmt":"2025-05-23T01:02:18","guid":{"rendered":"https:\/\/www.europesays.com\/fr\/120776\/"},"modified":"2025-05-23T01:02:18","modified_gmt":"2025-05-23T01:02:18","slug":"fast-and-furious-en-ile-de-france-dans-les-coulisses-de-la-preparation-des-bolides-un-juteux-business-pour-geeks","status":"publish","type":"post","link":"https:\/\/www.europesays.com\/fr\/120776\/","title":{"rendered":"\u00ab\u00a0Fast and Furious\u00a0\u00bb en \u00cele-de-France\u00a0: dans les coulisses de la pr\u00e9paration des bolides, un juteux business pour geeks"},"content":{"rendered":"<p class=\"paragraph text_align_left\">Il n\u2019a pas <a href=\"https:\/\/www.leparisien.fr\/oise-60\/une-veritable-petite-industrie-a-creil-les-voitures-volees-etaient-desossees-dans-un-atelier-clandestin-17-03-2021-8428848.php\" target=\"_blank\" rel=\"noreferrer nofollow noopener\">de garage clandestin<\/a>. Pas besoin. Et comme \u00e7a, il reste intra\u00e7able. Brnz patiente tranquillement dans une petite rue de Saint-Denis (Seine-Saint-Denis), avec sa copine, dans sa voiture. Soudain, une Golf noire immatricul\u00e9e en Seine-et-Marne s\u2019arr\u00eate et se gare derri\u00e8re lui. Cet homme au profil de geek avec ses grosses lunettes s\u2019approche de l\u2019habitacle de la Golf avec son ordinateur. Ce sont bien des clients. Les deuxi\u00e8mes de la soir\u00e9e, et pas les derniers.<\/p>\n<p class=\"paragraph text_align_left\">Le couple a effectu\u00e9 un trajet de presque deux heures depuis le sud de la Seine-et-Marne pour rencontrer Brnz, r\u00e9put\u00e9 pour ses \u00ab carto \u00bb sur mesure, factur\u00e9es 250 euros. Dans le langage<a href=\"https:\/\/www.leparisien.fr\/val-d-oise-95\/saint-ouen-laumone-coup-darret-pour-les-runs-sauvages-avec-linterpellation-de-deux-organisateurs-25-09-2023-4JHLKQ3VORAGHGRIZJ2BUBIB6Q.php\" target=\"_blank\" rel=\"noreferrer nofollow noopener\"> des passionn\u00e9s de courses ill\u00e9gales<\/a>, cela veut dire que la voiture est reprogramm\u00e9e \u00e9lectroniquement et d\u00e9brid\u00e9e : elle vient de passer le \u00ab stage 1 \u00bb de la pr\u00e9paration. <\/p>\n","protected":false},"excerpt":{"rendered":"Il n\u2019a pas de garage clandestin. Pas besoin. Et comme \u00e7a, il reste intra\u00e7able. Brnz patiente tranquillement dans&hellip;\n","protected":false},"author":2,"featured_media":120777,"comment_status":"","ping_status":"","sticky":false,"template":"","format":"standard","meta":{"footnotes":""},"categories":[1592],"tags":[1111,11,33,1777,674,1011,27,662,1944,12,626,25],"class_list":{"0":"post-120776","1":"post","2":"type-post","3":"status-publish","4":"format-standard","5":"has-post-thumbnail","7":"category-ile-de-france","8":"tag-actu","9":"tag-actualites","10":"tag-economie","11":"tag-eu","12":"tag-europe","13":"tag-fr","14":"tag-france","15":"tag-ile-de-france","16":"tag-ma-ville","17":"tag-news","18":"tag-paris","19":"tag-republique-francaise"},"share_on_mastodon":{"url":"https:\/\/pubeurope.com\/@fr\/114554453737514150","error":""},"_links":{"self":[{"href":"https:\/\/www.europesays.com\/fr\/wp-json\/wp\/v2\/posts\/120776","targetHints":{"allow":["GET"]}}],"collection":[{"href":"https:\/\/www.europesays.com\/fr\/wp-json\/wp\/v2\/posts"}],"about":[{"href":"https:\/\/www.europesays.com\/fr\/wp-json\/wp\/v2\/types\/post"}],"author":[{"embeddable":true,"href":"https:\/\/www.europesays.com\/fr\/wp-json\/wp\/v2\/users\/2"}],"replies":[{"embeddable":true,"href":"https:\/\/www.europesays.com\/fr\/wp-json\/wp\/v2\/comments?post=120776"}],"version-history":[{"count":0,"href":"https:\/\/www.europesays.com\/fr\/wp-json\/wp\/v2\/posts\/120776\/revisions"}],"wp:featuredmedia":[{"embeddable":true,"href":"https:\/\/www.europesays.com\/fr\/wp-json\/wp\/v2\/media\/120777"}],"wp:attachment":[{"href":"https:\/\/www.europesays.com\/fr\/wp-json\/wp\/v2\/media?parent=120776"}],"wp:term":[{"taxonomy":"category","embeddable":true,"href":"https:\/\/www.europesays.com\/fr\/wp-json\/wp\/v2\/categories?post=120776"},{"taxonomy":"post_tag","embeddable":true,"href":"https:\/\/www.europesays.com\/fr\/wp-json\/wp\/v2\/tags?post=120776"}],"curies":[{"name":"wp","href":"https:\/\/api.w.org\/{rel}","templated":true}]}}