{"id":120778,"date":"2025-05-23T01:03:18","date_gmt":"2025-05-23T01:03:18","guid":{"rendered":"https:\/\/www.europesays.com\/fr\/120778\/"},"modified":"2025-05-23T01:03:18","modified_gmt":"2025-05-23T01:03:18","slug":"colere-agricole-des-blocages-a-prevoir-dans-paris-et-sa-region-des-lundi","status":"publish","type":"post","link":"https:\/\/www.europesays.com\/fr\/120778\/","title":{"rendered":"Col\u00e8re agricole\u00a0: des blocages \u00e0 pr\u00e9voir dans Paris et sa r\u00e9gion d\u00e8s lundi"},"content":{"rendered":"<p class=\"paragraph text_align_left\">La <a href=\"https:\/\/www.leparisien.fr\/economie\/salon-de-l-agriculture\/la-colere-agricole-nest-pas-retombee-la-mise-en-garde-du-patron-de-la-fnsea-avant-le-salon-de-lagriculture-21-02-2025-B3ZOFNACPJFHFNDVIM57FMGOZY.php\" target=\"_blank\" rel=\"noreferrer nofollow noopener\">col\u00e8re monte d\u2019un cran<\/a> dans le monde agricole. La F\u00e9d\u00e9ration r\u00e9gionale des syndicats exploitants (FRSEA) \u00cele-de-France a annonc\u00e9, comme d\u2019autres f\u00e9d\u00e9rations locales, une forte mobilisation au d\u00e9but de la semaine prochaine, avec un blocage des principaux axes routiers autour de Paris d\u00e8s le lundi 26 mai, pour une dur\u00e9e ind\u00e9termin\u00e9e.<\/p>\n<p class=\"paragraph text_align_left\">Cette action coup de poing annonc\u00e9e mercredi 21 mai dans un communiqu\u00e9 est motiv\u00e9e par un sentiment de \u00ab trahison \u00bb. Au c\u0153ur de la contestation, <a href=\"https:\/\/www.leparisien.fr\/economie\/colere-des-agriculteurs-on-ne-peut-pas-accepter-ca-des-autoroutes-a-nouveau-bloquees-dans-le-nord-19-05-2025-AQIMZ7GT2RFG3LB5VQQ3SS77EA.php\" target=\"_blank\" rel=\"noreferrer nofollow noopener\">la proposition de loi<\/a> port\u00e9e par les s\u00e9nateurs Laurent Duplomb et Franck Menonville, qui visait \u00e0 all\u00e9ger les nombreuses contraintes pesant sur le m\u00e9tier d\u2019agriculteur.<\/p>\n<blockquote class=\"twitter-tweet\">\n<p lang=\"fr\" dir=\"ltr\">\ud83d\udea8CP des agriculteurs franciliens \ud83d\udea8PPL Contraintes \u00e0 <a href=\"https:\/\/twitter.com\/AssembleeNat?ref_src=twsrc%5Etfw\" rel=\"nofollow noopener\" target=\"_blank\">@AssembleeNat<\/a> : trahison de d\u00e9put\u00e9s, r\u00e9actions des agriculteurs. Mobilisations syndicales en \u00cele de France \u00e0 partir d\u2019aujourd\u2019hui \ud83d\udce2 ! <a href=\"https:\/\/t.co\/KSwuiNGeo2\" rel=\"nofollow\">pic.twitter.com\/KSwuiNGeo2<\/a><\/p>\n<p>\u2014 FRSEA Ile de France (@FrseaIDF) <a href=\"https:\/\/twitter.com\/FrseaIDF\/status\/1925198653506891901?ref_src=twsrc%5Etfw\" rel=\"nofollow noopener\" target=\"_blank\">May 21, 2025<\/a><\/p><\/blockquote>\n<p class=\"paragraph text_align_left\">Ce texte crucial pour l\u2019avenir de leur profession est actuellement en discussion \u00e0 l\u2019Assembl\u00e9e Nationale, et la s\u00e9ance publique doit s\u2019ouvrir le 26 mai prochain. Le projet de loi vise entre autres \u00e0 simplifier le stockage de l\u2019eau, l\u2019acc\u00e8s aux produits phytosanitaires et l\u2019agrandissement des exploitations agricoles.<\/p>\n<p class=\"paragraph text_align_left\">Or, selon la FRSEA, les premiers travaux issus des commissions \u00e0 l\u2019Assembl\u00e9e s\u2019orientent dans une direction oppos\u00e9e aux engagements au moment des <a href=\"https:\/\/www.leparisien.fr\/economie\/mobilisation-des-agriculteurs-a-quoi-sattendre-cette-semaine-24-11-2024-ZL2IGGFSIZA67OXRHO5RGMDAGA.php\" target=\"_blank\" rel=\"noreferrer nofollow noopener\">mobilisations historiques de 2024<\/a>. En effet, certaines mesures ont \u00e9t\u00e9 amend\u00e9es ou supprim\u00e9es lors des d\u00e9bats.<\/p>\n<p class=\"paragraph text_align_left\">Une situation qui a provoqu\u00e9 la col\u00e8re d\u2019Arnaud Rousseau, pr\u00e9sident de la FNSEA. Estimant que le gouvernement n\u2019a pas tenu ses promesses, il a d\u00e9nonc\u00e9 un texte \u00ab d\u00e9tricot\u00e9 \u00bb et appel\u00e9 \u00e0 une nouvelle mobilisation \u00e0 partir du 26 mai.<\/p>\n<p>\u00ab Un sentiment de trahison \u00bb<\/p>\n<p class=\"paragraph text_align_left\">\u00ab C\u2019est un sentiment de trahison qui anime aujourd\u2019hui la mobilisation \u00bb, explique le syndicat agricole, \u00ab pour des exploitants qui ont l\u2019impression d\u2019\u00eatre \u00ab pris pour des cons \u00bb \u00bb. Face \u00e0 cette situation, la FRSEA \u00cele-de-France a d\u00e9cid\u00e9 de r\u00e9agir avec force.<\/p>\n<p class=\"paragraph text_align_left\"><a href=\"https:\/\/www.leparisien.fr\/oise-60\/agriculteurs-en-colere-manifestation-blocage-de-la16-a-quoi-sattendre-ce-jeudi-22-mai-dans-loise-21-05-2025-KNFLKTWAOBCA7DVRMHGDP2ZLFQ.php\" target=\"_blank\" rel=\"noreferrer nofollow noopener\">La mobilisation a d\u00e9j\u00e0 d\u00e9but\u00e9 localement<\/a>, avec des op\u00e9rations coup de poing cibl\u00e9es. Mais c\u2019est le blocage des axes routiers autour de la capitale, \u00e0 partir de lundi, qui devrait marquer les esprits. Les agriculteurs entendent ainsi adresser un \u00ab appel au bon sens et \u00e0 l\u2019avenir de l\u2019agriculture \u00bb aux d\u00e9put\u00e9s, en esp\u00e9rant infl\u00e9chir le cours des d\u00e9bats parlementaires.<\/p>\n<p class=\"paragraph text_align_left\">Si les axes concern\u00e9s restent \u00e0 pr\u00e9ciser, les blocages risquent de provoquer d\u2019importantes perturbations de la circulation en \u00cele-de-France. Les automobilistes sont donc invit\u00e9s \u00e0 anticiper leurs d\u00e9placements et \u00e0 s\u2019informer sur l\u2019\u00e9volution de la situation.<\/p>\n<p><script async src=\"https:\/\/platform.twitter.com\/widgets.js\" charset=\"utf-8\"><\/script><\/p>\n","protected":false},"excerpt":{"rendered":"La col\u00e8re monte d\u2019un cran dans le monde agricole. La F\u00e9d\u00e9ration r\u00e9gionale des syndicats exploitants (FRSEA) \u00cele-de-France a&hellip;\n","protected":false},"author":2,"featured_media":120779,"comment_status":"","ping_status":"","sticky":false,"template":"","format":"standard","meta":{"footnotes":""},"categories":[1888],"tags":[1111,1928,11,1927,1777,674,1011,27,1944,12,1926,626,1925,25],"class_list":{"0":"post-120778","1":"post","2":"type-post","3":"status-publish","4":"format-standard","5":"has-post-thumbnail","7":"category-paris","8":"tag-actu","9":"tag-actu-paris","10":"tag-actualites","11":"tag-actualites-paris","12":"tag-eu","13":"tag-europe","14":"tag-fr","15":"tag-france","16":"tag-ma-ville","17":"tag-news","18":"tag-news-paris","19":"tag-paris","20":"tag-paris-news","21":"tag-republique-francaise"},"share_on_mastodon":{"url":"https:\/\/pubeurope.com\/@fr\/114554457556730785","error":""},"_links":{"self":[{"href":"https:\/\/www.europesays.com\/fr\/wp-json\/wp\/v2\/posts\/120778","targetHints":{"allow":["GET"]}}],"collection":[{"href":"https:\/\/www.europesays.com\/fr\/wp-json\/wp\/v2\/posts"}],"about":[{"href":"https:\/\/www.europesays.com\/fr\/wp-json\/wp\/v2\/types\/post"}],"author":[{"embeddable":true,"href":"https:\/\/www.europesays.com\/fr\/wp-json\/wp\/v2\/users\/2"}],"replies":[{"embeddable":true,"href":"https:\/\/www.europesays.com\/fr\/wp-json\/wp\/v2\/comments?post=120778"}],"version-history":[{"count":0,"href":"https:\/\/www.europesays.com\/fr\/wp-json\/wp\/v2\/posts\/120778\/revisions"}],"wp:featuredmedia":[{"embeddable":true,"href":"https:\/\/www.europesays.com\/fr\/wp-json\/wp\/v2\/media\/120779"}],"wp:attachment":[{"href":"https:\/\/www.europesays.com\/fr\/wp-json\/wp\/v2\/media?parent=120778"}],"wp:term":[{"taxonomy":"category","embeddable":true,"href":"https:\/\/www.europesays.com\/fr\/wp-json\/wp\/v2\/categories?post=120778"},{"taxonomy":"post_tag","embeddable":true,"href":"https:\/\/www.europesays.com\/fr\/wp-json\/wp\/v2\/tags?post=120778"}],"curies":[{"name":"wp","href":"https:\/\/api.w.org\/{rel}","templated":true}]}}