{"id":120780,"date":"2025-05-23T01:04:13","date_gmt":"2025-05-23T01:04:13","guid":{"rendered":"https:\/\/www.europesays.com\/fr\/120780\/"},"modified":"2025-05-23T01:04:13","modified_gmt":"2025-05-23T01:04:13","slug":"un-an-apres-les-jo-les-touristes-etrangers-affluent-en-france-2","status":"publish","type":"post","link":"https:\/\/www.europesays.com\/fr\/120780\/","title":{"rendered":"un an apr\u00e8s les JO, les touristes \u00e9trangers affluent en France"},"content":{"rendered":"<p><img decoding=\"async\" class=\"caas-img caas-lazy has-preview\" src=\"https:\/\/www.europesays.com\/fr\/wp-content\/uploads\/2025\/05\/3c406e0db83f141d190074d3870ad231.jpeg\"\/><\/p>\n<p>\u00ab\u00a0Des r\u00e9servations en hausse de 40% \u00e0 Paris\u00a0\u00bb: un an apr\u00e8s les JO, les touristes \u00e9trangers affluent en France<\/p>\n<p>Les arriv\u00e9es a\u00e9riennes internationales, utilis\u00e9es comme indicateur du dynamisme touristique par la ministre du Tourisme, progressent de 8% au premier trimestre 2025 compar\u00e9 \u00e0 2024, profitant de <a href=\"https:\/\/fr.news.yahoo.com\/sport\/business-2024-quelles-retomb%C3%A9es-%C3%A9conomiques-040119741.html\" data-ylk=\"slk:&quot;l&#039;\u00e9lan&quot; des Jeux olympiques et paralympiques organis\u00e9s \u00e0 Paris \u00e0 l&#039;\u00e9t\u00e9 2024;elm:context_link;itc:0;sec:content-canvas;outcm:mb_qualified_link;_E:mb_qualified_link;ct:story;\" class=\"link  yahoo-link\" target=\"_blank\" rel=\"noopener\">\u00ab\u00a0l&rsquo;\u00e9lan\u00a0\u00bb des Jeux olympiques et paralympiques organis\u00e9s \u00e0 Paris \u00e0 l&rsquo;\u00e9t\u00e9 2024<\/a>, a-t-elle estim\u00e9 jeudi. Lors d&rsquo;un point presse, Nathalie Delattre, ministre du Tourisme, a not\u00e9 en particulier \u00ab\u00a0une progression des (touristes) Canadiens, +30%\u00a0\u00bb, comme des Japonais (+30%), ainsi que \u00ab\u00a0des Br\u00e9siliens, un tourisme \u00e9mergent\u00a0\u00bb.<\/p>\n<p>\u00ab\u00a0Nous avons cet \u00e9lan, cette croissance qui arrive post-Jeux olympiques et paralympiques\u00a0\u00bb (JOP), a-t-elle comment\u00e9, assurant vouloir \u00ab\u00a0capitaliser sur l&rsquo;esprit olympique\u00a0\u00bb, en cr\u00e9ant par exemple \u00ab\u00a0un chemin de randonn\u00e9e GR de la flamme olympique\u00a0\u00bb.<\/p>\n<p>Dans le Grand Paris, les r\u00e9servations de meubl\u00e9s touristiques \u00ab\u00a0ont progress\u00e9 de 40% en juin\u00a0\u00bb par rapport \u00e0 l&rsquo;ann\u00e9e derni\u00e8re, surtout port\u00e9es par Saint-Denis, selon Corinne Menegaux, directrice g\u00e9n\u00e9rale de l&rsquo;office de tourisme de Paris. Les visiteurs ont d\u00e9couvert, gr\u00e2ce aux JOP, \u00ab\u00a0une zone qu&rsquo;ils ne connaissaient pas\u00a0\u00bb, a-t-elle estim\u00e9 lors de la conf\u00e9rence de presse sur \u00ab\u00a0l&rsquo;h\u00e9ritage\u00a0\u00bb des Jeux.<\/p>\n<p>Baisse de la fr\u00e9quentation des h\u00f4tels au premier trimestre<\/p>\n<p><a href=\"https:\/\/www.bfmtv.com\/paris\/paris-la-vasque-olympique-va-revenir-cet-ete-aux-tuileries_AN-202501310551.html\" rel=\"nofollow noopener\" target=\"_blank\" data-ylk=\"slk:La vasque olympique sera r\u00e9install\u00e9e du 21 juin au 14 septembre au jardin des Tuileries;elm:context_link;itc:0;sec:content-canvas\" class=\"link \">La vasque olympique sera r\u00e9install\u00e9e du 21 juin au 14 septembre au jardin des Tuileries<\/a> et la Seine ouverte \u00e0 la baignade \u00e0 compter du 5 juillet, ont-elles ajout\u00e9. La r\u00e9ouverture de la cath\u00e9drale Notre-Dame, avec 30.000 visiteurs par jour, selon Nathalie Delattre, est \u00e9galement vecteur de croissance dans la sph\u00e8re touristique.<\/p>\n<p>La fr\u00e9quentation dans les h\u00e9bergements collectifs touristiques hors campings (h\u00f4tels, r\u00e9sidences&#8230;) a toutefois recul\u00e9 d&rsquo;1,5% par rapport au premier trimestre 2024, a indiqu\u00e9 de son c\u00f4t\u00e9 l&rsquo;Insee mercredi. Les h\u00f4tels fran\u00e7ais ont enregistr\u00e9 42,2 millions de nuit\u00e9es depuis le d\u00e9but de l&rsquo;ann\u00e9e, en baisse de 2% sur un an. Seul le haut de gamme cro\u00eet, avec une augmentation de 4,6% de la fr\u00e9quentation dans les \u00e9tablissements quatre ou cinq \u00e9toiles.<\/p>\n<p>La client\u00e8le hors d&rsquo;Europe progresse (Etats-Unis +39,2%, Asie et Oc\u00e9anie +14,5%) mais la client\u00e8le europ\u00e9enne est en repli. La France qui a accueilli 100 millions de visiteurs \u00e9trangers en 2024, garde sa position de premi\u00e8re destination mondiale, mais reste concurrenc\u00e9e par l&rsquo;Espagne qui g\u00e9n\u00e8re plus de recettes avec moins de visiteurs, avait indiqu\u00e9 en janvier Nathalie Delattre.<\/p>\n<p><a href=\"https:\/\/rmcsport.bfmtv.com\/jeux-olympiques\/business\/des-reservations-en-hausse-de-40-a-paris-un-an-apres-les-jo-les-touristes-etrangers-affluent-en-france_AD-202505220725.html#xtor=AL-68\" rel=\"nofollow noopener\" target=\"_blank\" data-ylk=\"slk:Article original publi\u00e9 sur RMC Sport;elm:context_link;itc:0;sec:content-canvas\" class=\"link \">Article original publi\u00e9 sur RMC Sport<\/a><\/p>\n","protected":false},"excerpt":{"rendered":"\u00ab\u00a0Des r\u00e9servations en hausse de 40% \u00e0 Paris\u00a0\u00bb: un an apr\u00e8s les JO, les touristes \u00e9trangers affluent en&hellip;\n","protected":false},"author":2,"featured_media":120781,"comment_status":"","ping_status":"","sticky":false,"template":"","format":"standard","meta":{"footnotes":""},"categories":[1888],"tags":[1111,1928,11,1927,24259,1777,674,1011,27,21406,24260,24258,24257,12,1926,626,1925,25],"class_list":{"0":"post-120780","1":"post","2":"type-post","3":"status-publish","4":"format-standard","5":"has-post-thumbnail","7":"category-paris","8":"tag-actu","9":"tag-actu-paris","10":"tag-actualites","11":"tag-actualites-paris","12":"tag-chemin-de-randonnee","13":"tag-eu","14":"tag-europe","15":"tag-fr","16":"tag-france","17":"tag-jardin-des-tuileries","18":"tag-loffice-de-tourisme-de-paris","19":"tag-ministre-du-tourisme","20":"tag-nathalie-delattre","21":"tag-news","22":"tag-news-paris","23":"tag-paris","24":"tag-paris-news","25":"tag-republique-francaise"},"share_on_mastodon":{"url":"https:\/\/pubeurope.com\/@fr\/114554461663555284","error":""},"_links":{"self":[{"href":"https:\/\/www.europesays.com\/fr\/wp-json\/wp\/v2\/posts\/120780","targetHints":{"allow":["GET"]}}],"collection":[{"href":"https:\/\/www.europesays.com\/fr\/wp-json\/wp\/v2\/posts"}],"about":[{"href":"https:\/\/www.europesays.com\/fr\/wp-json\/wp\/v2\/types\/post"}],"author":[{"embeddable":true,"href":"https:\/\/www.europesays.com\/fr\/wp-json\/wp\/v2\/users\/2"}],"replies":[{"embeddable":true,"href":"https:\/\/www.europesays.com\/fr\/wp-json\/wp\/v2\/comments?post=120780"}],"version-history":[{"count":0,"href":"https:\/\/www.europesays.com\/fr\/wp-json\/wp\/v2\/posts\/120780\/revisions"}],"wp:featuredmedia":[{"embeddable":true,"href":"https:\/\/www.europesays.com\/fr\/wp-json\/wp\/v2\/media\/120781"}],"wp:attachment":[{"href":"https:\/\/www.europesays.com\/fr\/wp-json\/wp\/v2\/media?parent=120780"}],"wp:term":[{"taxonomy":"category","embeddable":true,"href":"https:\/\/www.europesays.com\/fr\/wp-json\/wp\/v2\/categories?post=120780"},{"taxonomy":"post_tag","embeddable":true,"href":"https:\/\/www.europesays.com\/fr\/wp-json\/wp\/v2\/tags?post=120780"}],"curies":[{"name":"wp","href":"https:\/\/api.w.org\/{rel}","templated":true}]}}