{"id":12080,"date":"2025-04-09T07:47:16","date_gmt":"2025-04-09T07:47:16","guid":{"rendered":"https:\/\/www.europesays.com\/fr\/12080\/"},"modified":"2025-04-09T07:47:16","modified_gmt":"2025-04-09T07:47:16","slug":"droits-de-douane-malgre-un-lundi-noir-pour-les-marches-financiers-donald-trump-poursuit-son-bras-de-fer-avec-leurope-et-la-chine","status":"publish","type":"post","link":"https:\/\/www.europesays.com\/fr\/12080\/","title":{"rendered":"Droits de douane : malgr\u00e9 un \u00ab\u00a0lundi noir\u00a0\u00bb pour les march\u00e9s financiers, Donald Trump poursuit son bras de fer avec l&rsquo;Europe et la Chine"},"content":{"rendered":"<p>\tDroits de douane : malgr\u00e9 un \u00ab\u00a0lundi noir\u00a0\u00bb pour les march\u00e9s financiers, Donald Trump poursuit son bras de fer avec l&rsquo;Europe et la Chine &#8211; Touteleurope.eu<\/p>\n<p>\t\t<img decoding=\"async\" alt=\"fermer\" class=\"close-info\" src=\"https:\/\/www.europesays.com\/fr\/wp-content\/uploads\/2025\/04\/close-picto-blue.svg.svg+xml\"\/><\/p>\n<p>Touteleurope.eu est le site p\u00e9dagogique de r\u00e9f\u00e9rence sur les questions europ\u00e9ennes : <a href=\"https:\/\/www.touteleurope.eu\/qui-sommes-nous\/\" target=\"_blank\" rel=\"noopener\">Qui sommes-nous ?<\/a><\/p>\n<p><img decoding=\"async\" class=\"logo-pdf\" alt=\"Toute L'Europe \u2013 Comprendre l'Europe\" src=\"https:\/\/www.europesays.com\/fr\/wp-content\/uploads\/2025\/04\/logo-ttl.svg.svg+xml\"\/><\/p>\n","protected":false},"excerpt":{"rendered":"Droits de douane : malgr\u00e9 un \u00ab\u00a0lundi noir\u00a0\u00bb pour les march\u00e9s financiers, Donald Trump poursuit son bras de&hellip;\n","protected":false},"author":2,"featured_media":12081,"comment_status":"","ping_status":"","sticky":false,"template":"","format":"standard","meta":{"footnotes":""},"categories":[1586],"tags":[11,309,215,75,2388,73,1777,674,1011,27,12,25],"class_list":{"0":"post-12080","1":"post","2":"type-post","3":"status-publish","4":"format-standard","5":"has-post-thumbnail","7":"category-europe","8":"tag-actualites","9":"tag-chine","10":"tag-commerce","11":"tag-donald-trump","12":"tag-droits-de-douane","13":"tag-etats-unis","14":"tag-eu","15":"tag-europe","16":"tag-fr","17":"tag-france","18":"tag-news","19":"tag-republique-francaise"},"share_on_mastodon":{"url":"https:\/\/pubeurope.com\/@fr\/114306904561008320","error":""},"_links":{"self":[{"href":"https:\/\/www.europesays.com\/fr\/wp-json\/wp\/v2\/posts\/12080","targetHints":{"allow":["GET"]}}],"collection":[{"href":"https:\/\/www.europesays.com\/fr\/wp-json\/wp\/v2\/posts"}],"about":[{"href":"https:\/\/www.europesays.com\/fr\/wp-json\/wp\/v2\/types\/post"}],"author":[{"embeddable":true,"href":"https:\/\/www.europesays.com\/fr\/wp-json\/wp\/v2\/users\/2"}],"replies":[{"embeddable":true,"href":"https:\/\/www.europesays.com\/fr\/wp-json\/wp\/v2\/comments?post=12080"}],"version-history":[{"count":0,"href":"https:\/\/www.europesays.com\/fr\/wp-json\/wp\/v2\/posts\/12080\/revisions"}],"wp:featuredmedia":[{"embeddable":true,"href":"https:\/\/www.europesays.com\/fr\/wp-json\/wp\/v2\/media\/12081"}],"wp:attachment":[{"href":"https:\/\/www.europesays.com\/fr\/wp-json\/wp\/v2\/media?parent=12080"}],"wp:term":[{"taxonomy":"category","embeddable":true,"href":"https:\/\/www.europesays.com\/fr\/wp-json\/wp\/v2\/categories?post=12080"},{"taxonomy":"post_tag","embeddable":true,"href":"https:\/\/www.europesays.com\/fr\/wp-json\/wp\/v2\/tags?post=12080"}],"curies":[{"name":"wp","href":"https:\/\/api.w.org\/{rel}","templated":true}]}}