{"id":120808,"date":"2025-05-23T01:24:12","date_gmt":"2025-05-23T01:24:12","guid":{"rendered":"https:\/\/www.europesays.com\/fr\/120808\/"},"modified":"2025-05-23T01:24:12","modified_gmt":"2025-05-23T01:24:12","slug":"les-danois-ont-fait-parler-leur-puissance-actualite","status":"publish","type":"post","link":"https:\/\/www.europesays.com\/fr\/120808\/","title":{"rendered":"Les Danois ont fait parler leur puissance &#8211; Actualit\u00e9"},"content":{"rendered":"<p style=\"text-align: justify;\"><strong>Le temps \u00e0 l\u2019interm\u00e9diaire de l\u2019\u00e9quipe de France, derni\u00e8re \u00e9quipe \u00e0 s\u2019\u00e9lancer ce jeudi, ne laissait gu\u00e8re de doute quant \u00e0 l\u2019issue du chrono mais les Danois ont tout de m\u00eame pr\u00e9f\u00e9r\u00e9 attendre que les Bleus passent la ligne d\u2019arriv\u00e9e derri\u00e8re leur\u00a0marque de r\u00e9f\u00e9rence pour hurler de joie. En r\u00e9alisant un temps de 5\u201935\u201d dans les rues de Lausanne, les Scandinaves remportent le contre-la-montre par \u00e9quipes inaugural du Tour du Pays de Vaud, manche suisse de la Coupe des Nations. Ils privent ainsi les nationaux helv\u00e8tes de la victoire pour deux petites secondes (<strong><a href=\"https:\/\/www.directvelo.com\/actualite\/120840\/tour-du-pays-de-vaud-et-1-danemark-1er\" target=\"_blank\" rel=\"noopener\">voir classement<\/a><\/strong>). Et c\u2019est un novice, Malthe Risbjerg, qui endosse le premier maillot jaune de l\u2019\u00e9preuve. \u201cC\u2019est ma premi\u00e8re exp\u00e9rience avec la s\u00e9lection nationale, \u00e7a ne pouvait pas mieux commencer !\u201d, se r\u00e9jouit le r\u00e9cent 10e de Gand-Wevelgem aupr\u00e8s de DirectVelo, au pied du podium protocolaire.<br \/>Pas peu fier, le J2 pouvait afficher un large sourire devant le Lac L\u00e9man, malgr\u00e9 un ciel gris\u00e2tre et une pluie fine qui n\u2019aura pas g\u00e2ch\u00e9 la f\u00eate. \u201cC\u2019\u00e9tait dur, il y avait beaucoup de grosses \u00e9quipes, ce n\u2019\u00e9tait pas fait d\u2019avance mais on \u00e9t\u00e9 tr\u00e8s solides. C\u2019est top\u201d, reprend le gar\u00e7on. Un petit raidard, avec une pente maximale \u00e0 12%, s\u2019est dress\u00e9e sous les roues des coureurs \u00e0 la fin du dernier kilom\u00e8tre, ce qui les a contraints \u00e0 adopter une strat\u00e9gie bien pr\u00e9cise. \u201cNotre plus petit gabarit a fait le rythme dans la mont\u00e9e et ensuite, on a fait parler les grosses cuisses et notre puissance dans les trois derniers kilom\u00e8tres\u201d.<br \/>Habituel coureur de Decathlon AG2R La Mondiale U19, Andreas Stenstrop fait partie du collectif des rouge-et-blanc cette semaine en Suisse. \u201cC\u2019\u00e9tait l\u2019un des objectifs principaux mais ce n\u2019est pas le seul jusqu&rsquo;\u00e0 dimanche, on pense aux autres \u00e9tapes et au g\u00e9n\u00e9ral\u201d, pr\u00e9vient un gar\u00e7on qui, comme ses co\u00e9quipiers, a fait le choix de passer deux heures suppl\u00e9mentaires sur le v\u00e9lo apr\u00e8s l\u2019\u00e9tape, en rentrant \u00e0 la caserne de Chamblon, depuis Lausanne, en v\u00e9lo, peu avant 19h. \u201cOn a une tr\u00e8s grosse \u00e9quipe ici alors on savait que l\u2019on avait une belle chance de l\u2019emporter. On a mis tout ce qu\u2019on avait et \u00e7a a super bien march\u00e9. On a su en garder un tout petit peu dans la bosse tout en restant \u00e0 un rythme tr\u00e8s \u00e9lev\u00e9 pour faire une grosse relance en haut, sans y arriver compl\u00e8tement cuit non plus. Il ne fallait pas se disperser, rester homog\u00e8nes, puis se mettre \u00e0 bloc sur le retour\u201d. Un plan parfaitement ex\u00e9cut\u00e9 par les Danois.<\/strong><\/p>\n<p><img loading=\"lazy\" decoding=\"async\" src=\"https:\/\/www.europesays.com\/fr\/wp-content\/uploads\/2025\/05\/DANEMARK II.jpg\" alt=\"\" width=\"800\" height=\"534\"\/> <\/p>\n","protected":false},"excerpt":{"rendered":"Le temps \u00e0 l\u2019interm\u00e9diaire de l\u2019\u00e9quipe de France, derni\u00e8re \u00e9quipe \u00e0 s\u2019\u00e9lancer ce jeudi, ne laissait gu\u00e8re de&hellip;\n","protected":false},"author":2,"featured_media":120809,"comment_status":"","ping_status":"","sticky":false,"template":"","format":"standard","meta":{"footnotes":""},"categories":[1411],"tags":[834,828,836,829,837,827,83,826,824,823,1154,207,814,817,815,816,822,821,832,211,839,1011,27,820,818,819,835,831,830,833,838,60,212,208,825],"class_list":{"0":"post-120808","1":"post","2":"type-post","3":"status-publish","4":"format-standard","5":"has-post-thumbnail","7":"category-cyclisme","8":"tag-attaque","9":"tag-belgique","10":"tag-braquet","11":"tag-bretagne","12":"tag-chute","13":"tag-competition","14":"tag-coupe-de-france","15":"tag-coureur","16":"tag-course-cyclisme","17":"tag-course-cycliste","18":"tag-cycling","19":"tag-cyclisme","20":"tag-direct","21":"tag-direct-velo","22":"tag-directvelo","23":"tag-directvelo-com","24":"tag-epreuve","25":"tag-epreuve-cycliste","26":"tag-federation-francaise-de-cyclisme","27":"tag-ffc","28":"tag-flandres","29":"tag-fr","30":"tag-france","31":"tag-live","32":"tag-live-course","33":"tag-live-epreuve","34":"tag-peloton","35":"tag-radio-peloton","36":"tag-radio-tour","37":"tag-ravitaillement","38":"tag-relance","39":"tag-sports","40":"tag-uci","41":"tag-velo","42":"tag-velos"},"share_on_mastodon":{"url":"https:\/\/pubeurope.com\/@fr\/114554540125728885","error":""},"_links":{"self":[{"href":"https:\/\/www.europesays.com\/fr\/wp-json\/wp\/v2\/posts\/120808","targetHints":{"allow":["GET"]}}],"collection":[{"href":"https:\/\/www.europesays.com\/fr\/wp-json\/wp\/v2\/posts"}],"about":[{"href":"https:\/\/www.europesays.com\/fr\/wp-json\/wp\/v2\/types\/post"}],"author":[{"embeddable":true,"href":"https:\/\/www.europesays.com\/fr\/wp-json\/wp\/v2\/users\/2"}],"replies":[{"embeddable":true,"href":"https:\/\/www.europesays.com\/fr\/wp-json\/wp\/v2\/comments?post=120808"}],"version-history":[{"count":0,"href":"https:\/\/www.europesays.com\/fr\/wp-json\/wp\/v2\/posts\/120808\/revisions"}],"wp:featuredmedia":[{"embeddable":true,"href":"https:\/\/www.europesays.com\/fr\/wp-json\/wp\/v2\/media\/120809"}],"wp:attachment":[{"href":"https:\/\/www.europesays.com\/fr\/wp-json\/wp\/v2\/media?parent=120808"}],"wp:term":[{"taxonomy":"category","embeddable":true,"href":"https:\/\/www.europesays.com\/fr\/wp-json\/wp\/v2\/categories?post=120808"},{"taxonomy":"post_tag","embeddable":true,"href":"https:\/\/www.europesays.com\/fr\/wp-json\/wp\/v2\/tags?post=120808"}],"curies":[{"name":"wp","href":"https:\/\/api.w.org\/{rel}","templated":true}]}}