{"id":120814,"date":"2025-05-23T01:27:05","date_gmt":"2025-05-23T01:27:05","guid":{"rendered":"https:\/\/www.europesays.com\/fr\/120814\/"},"modified":"2025-05-23T01:27:05","modified_gmt":"2025-05-23T01:27:05","slug":"le-retable-de-dymphne-de-goossen-van-der-weyden-decrypte","status":"publish","type":"post","link":"https:\/\/www.europesays.com\/fr\/120814\/","title":{"rendered":"Le \u00ab Retable de Dymphne \u00bb de Goossen van der Weyden d\u00e9crypt\u00e9"},"content":{"rendered":"<p>UNE \u0152UVRE EN D\u00c9TAIL<\/p>\n<p>                Par <a href=\"https:\/\/www.beauxarts.com\/auteur\/ines\/\" title=\"Articles par In\u00e8s Boittiaux\" class=\"author url fn\" rel=\"author noopener\" target=\"_blank\">In\u00e8s Boittiaux<\/a>                <\/p>\n<p>Publi\u00e9 le 21 mai 2025 \u00e0 20h00, mis \u00e0 jour le 21 mai 2025 \u00e0 20h01                <\/p>\n<p>Expos\u00e9 pour la premi\u00e8re fois en France, le Retable de Dymphne de Goossen van der Weyden, petit-fils du c\u00e9l\u00e8bre primitif flamand, livre tous ses secrets au monast\u00e8re royal de Brou \u00e0 Bourg-en-Bresse. L\u2019occasion de revenir sur la trajectoire malheureuse de cette jeune vierge martyre, devenue la sainte patronne des fous. Une histoire \u00e0 la Peau d\u2019\u00c2ne, avec un grand final fa\u00e7on Game of Thrones\u2026<\/p>\n","protected":false},"excerpt":{"rendered":"UNE \u0152UVRE EN D\u00c9TAIL Par In\u00e8s Boittiaux Publi\u00e9 le 21 mai 2025 \u00e0 20h00, mis \u00e0 jour le&hellip;\n","protected":false},"author":2,"featured_media":120815,"comment_status":"","ping_status":"","sticky":false,"template":"","format":"standard","meta":{"footnotes":""},"categories":[1358],"tags":[14535,1348,1384,1385,24265,1386,58,59,1011,27,24266,1585],"class_list":{"0":"post-120814","1":"post","2":"type-post","3":"status-publish","4":"format-standard","5":"has-post-thumbnail","7":"category-arts-et-design","8":"tag-art-ancien","9":"tag-arts","10":"tag-arts-and-design","11":"tag-arts-et-design","12":"tag-commentaire-doeuvre","13":"tag-design","14":"tag-divertissement","15":"tag-entertainment","16":"tag-fr","17":"tag-france","18":"tag-monastere-royal-de-brou","19":"tag-peinture"},"share_on_mastodon":{"url":"https:\/\/pubeurope.com\/@fr\/114554551927891361","error":""},"_links":{"self":[{"href":"https:\/\/www.europesays.com\/fr\/wp-json\/wp\/v2\/posts\/120814","targetHints":{"allow":["GET"]}}],"collection":[{"href":"https:\/\/www.europesays.com\/fr\/wp-json\/wp\/v2\/posts"}],"about":[{"href":"https:\/\/www.europesays.com\/fr\/wp-json\/wp\/v2\/types\/post"}],"author":[{"embeddable":true,"href":"https:\/\/www.europesays.com\/fr\/wp-json\/wp\/v2\/users\/2"}],"replies":[{"embeddable":true,"href":"https:\/\/www.europesays.com\/fr\/wp-json\/wp\/v2\/comments?post=120814"}],"version-history":[{"count":0,"href":"https:\/\/www.europesays.com\/fr\/wp-json\/wp\/v2\/posts\/120814\/revisions"}],"wp:featuredmedia":[{"embeddable":true,"href":"https:\/\/www.europesays.com\/fr\/wp-json\/wp\/v2\/media\/120815"}],"wp:attachment":[{"href":"https:\/\/www.europesays.com\/fr\/wp-json\/wp\/v2\/media?parent=120814"}],"wp:term":[{"taxonomy":"category","embeddable":true,"href":"https:\/\/www.europesays.com\/fr\/wp-json\/wp\/v2\/categories?post=120814"},{"taxonomy":"post_tag","embeddable":true,"href":"https:\/\/www.europesays.com\/fr\/wp-json\/wp\/v2\/tags?post=120814"}],"curies":[{"name":"wp","href":"https:\/\/api.w.org\/{rel}","templated":true}]}}