{"id":120832,"date":"2025-05-23T01:36:17","date_gmt":"2025-05-23T01:36:17","guid":{"rendered":"https:\/\/www.europesays.com\/fr\/120832\/"},"modified":"2025-05-23T01:36:17","modified_gmt":"2025-05-23T01:36:17","slug":"vous-nallez-pas-toucher-le-versement-de-si-tot-et-voici-pourquoi","status":"publish","type":"post","link":"https:\/\/www.europesays.com\/fr\/120832\/","title":{"rendered":"vous n&rsquo;allez pas toucher le versement de si t\u00f4t et voici pourquoi"},"content":{"rendered":"<p>                                        <img width=\"658\" height=\"329\" src=\"https:\/\/www.europesays.com\/fr\/wp-content\/uploads\/2025\/05\/MaPrimeRenov-vous-nallez-pas-toucher-le-versement-de-si-tot-et-voici-pourquoi-658x329.jpg\" class=\"attachment-single-desktop size-single-desktop wp-post-image\" alt=\"MaPrimeR\u00e9nov': vous n'allez pas toucher le versement de si t\u00f4t et voici pourquoi\" fetchpriority=\"high\" loading=\"eager\" decoding=\"sync\"  \/>                                    <\/p>\n<p>                            De nombreuses personnes attendent avec impatience le virement MaPrimeR\u00e9nov&rsquo;. En revanche, il ne risque pas d&rsquo;arriver de si t\u00f4t !<\/p>\n<p>Les propri\u00e9taires qui comptaient sur MaPrimeR\u00e9nov\u2019 pour financer leurs travaux de <a href=\"https:\/\/www.tuxboard.com\/maprimerenov-mauvaise-nouvelle-pour-les-beneficiaires-aide-03042024\/\" target=\"_blank\" rel=\"noopener nofollow\">r\u00e9novation \u00e9nerg\u00e9tique<\/a> vont devoir attendre encore un moment. Derri\u00e8re la promesse d\u2019une<strong> aide simple et rapide se cache une r\u00e9alit\u00e9 bien diff\u00e9rente en 2025<\/strong>.<\/p>\n<p>La mauvaise nouvelle pour MaPrimeR\u00e9nov\u2019<\/p>\n<p>Au plus grand dam de beaucoup de Fran\u00e7ais, les d\u00e9lais de traitement explosent concernant les virements MaPrimeR\u00e9nov\u2019. Ce retard laisse donc les particuliers et les entreprises dans l\u2019attente de versements qui tardent \u00e0 arriver.<\/p>\n<p>Des professionnels du b\u00e2timent ont d\u2019ailleurs <strong>tir\u00e9 la sonnette d\u2019alarme \u00e0 ce sujet.<\/strong> C\u2019est le cas de Thierry Flak, patron d\u2019une soci\u00e9t\u00e9 de <a href=\"https:\/\/www.tuxboard.com\/copropriete-comment-beneficier-de-maprimerenov\/\" target=\"_blank\" rel=\"noopener nofollow\">r\u00e9novation \u00e9nerg\u00e9tique<\/a>. Il a confi\u00e9 \u00e0 France Info faire face \u00e0 une situation vraiment critique, \u00e0 cause de plus de 800\u00a0000\u00a0euros de subventions non vers\u00e9es.<\/p>\n<p>Et il n\u2019est pas le seul \u00e0 se retrouver dans cette situation financi\u00e8re \u00e0 cause d\u2019une administration d\u00e9bord\u00e9e. Ces retards g\u00e9n\u00e9ralis\u00e9s ont de lourdes cons\u00e9quences pour les artisans. Ces derniers avancent les travaux sans recevoir leur argent \u00e0 temps.<\/p>\n<p>Les particuliers comptaient d\u2019ailleurs sur cette aide pour \u00e9quilibrer leur budget. Lors du lancement de MaPrimeR\u00e9nov\u2019 en 2020, l\u2019objectif \u00e9tait clair. Il souhaitait acc\u00e9l\u00e9rer <a href=\"https:\/\/www.tuxboard.com\/cette-maison-reste-toute-lannee-a-23-sans-allumer-le-chauffage-grace-a-cette-astuce-12052025\/\" target=\"_blank\" rel=\"noopener nofollow\">la transition \u00e9nerg\u00e9tique<\/a> du <strong>parc immobilier fran\u00e7ais en soutenant les propri\u00e9taires.<\/strong><\/p>\n<p>Et ce, notamment dans leurs projets d\u2019isolation, de changement de chauffage ou de r\u00e9novation globale. Le syst\u00e8me avait connu un bon d\u00e9marrage, avec un d\u00e9lai de traitement moyen de 35 jours en 2021. Mais aujourd\u2019hui, certains dossiers mettent jusqu\u2019\u00e0 300 jours \u00e0 \u00eatre trait\u00e9s, selon les t\u00e9moignages recueillis dans les m\u00e9dias.<\/p>\n<p>Des raisons \u00e9voqu\u00e9es<\/p>\n<p>Le minist\u00e8re du Logement ne reconna\u00eet pas officiellement <a href=\"https:\/\/www.tuxboard.com\/cheque-energie-la-date-officielle-a-laquelle-vous-devriez-recevoir-votre-aide-12032025\/\" target=\"_blank\" rel=\"noopener nofollow\">ce chiffre<\/a>. Il admet tout de m\u00eame une d\u00e9gradation du service. Interrog\u00e9 par Le Parisien, il avoue que <strong>les d\u00e9lais moyens pour MaPrimeR\u00e9nov\u2019 ont bascul\u00e9 de 70 \u00e0 100 jours<\/strong>. Mais ce n\u2019est pas tout.<\/p>\n<p>Il a \u00e9voqu\u00e9 un renforcement des contr\u00f4les pour limiter les fraudes. Une mesure qui a permis d\u2019\u00e9viter 230 millions d\u2019euros de fraudes en 2024, selon RMC Conso. Ce qui repr\u00e9sente environ un dossier sur dix refus\u00e9.<\/p>\n<p>Si la volont\u00e9 de s\u00e9curiser les finances publiques reste compr\u00e9hensible, elle fait tout de m\u00eame face \u00e0 la r\u00e9alit\u00e9 des b\u00e9n\u00e9ficiaires. Les aides MaPrimeR\u00e9nov\u2019 ne sont vers\u00e9es qu\u2019apr\u00e8s la fin des travaux.<\/p>\n<p>Cela signifie que les m\u00e9nages doivent avancer parfois plusieurs milliers d\u2019euros, sans aucune garantie de voir l\u2019aide arriver rapidement. Cette <strong>attente prolong\u00e9e peut fragiliser des foyers modestes<\/strong>. C\u2019est notamment le cas de ceux qui comptaient sur cette aide pour am\u00e9liorer le confort de leur logement.<\/p>\n<p>Et ce, tout en r\u00e9duisant leur facture \u00e9nerg\u00e9tique. En 2025, l\u2019enveloppe pour MaPrimeR\u00e9nov\u2019 a r\u00e9duit. Elle est pass\u00e9e de 4 milliards \u00e0 seulement 2,3 milliards d\u2019euros. Cela a entra\u00een\u00e9 une baisse du nombre de dossiers trait\u00e9s, ainsi qu\u2019un ralentissement des versements.<\/p>\n<p>Une aide qui d\u00e9pend de plusieurs crit\u00e8res<\/p>\n<p>M\u00eame si les d\u00e9p\u00f4ts de dossiers restent ouverts, les moyens pour y r\u00e9pondre efficacement ne suivent plus. Pour les particuliers, la d\u00e9marche reste inchang\u00e9e. Le montant de l\u2019aide d\u00e9pend du niveau de revenus, avec des plafonds diff\u00e9renci\u00e9s.<\/p>\n<p>Il y a aussi des cat\u00e9gories d\u00e9finies en trois groupes : \u00ab\u00a0tr\u00e8s modestes\u00a0\u00bb, \u00ab\u00a0modestes\u00a0\u00bb et \u00ab\u00a0interm\u00e9diaires\u00a0\u00bb. Ces crit\u00e8res d\u00e9terminent l\u2019\u00e9ligibilit\u00e9, mais aussi <strong>le montant des subventions pour les b\u00e9n\u00e9ficiaires.<\/strong> Ces derniers peuvent toujours consulter les plafonds sur Service-public.fr.<\/p>\n<p>Une chose est s\u00fbre, MaPrimeR\u00e9nov\u2019 ne respecte plus ses promesses. Il devait s\u2019agir d\u2019un dispositif simple, efficace et rapide. Malgr\u00e9 les discours rassurants du minist\u00e8re du Logement, les retards s\u2019accumulent et la situation ne s\u2019am\u00e9liore pas.<\/p>\n<p>                                    <img loading=\"lazy\" decoding=\"async\" src=\"data:image\/svg+xml,%3Csvg%20xmlns=\" http:=\"\" itemprop=\"image\" width=\"32\" height=\"32\" alt=\"avatar\" class=\"avatar avatar-32\" data-lazy-src=\"https:\/\/www.europesays.com\/fr\/wp-content\/uploads\/2025\/04\/victoria-bernard.jpg\"\/>                                                                    <\/p>\n<p>                                    <a class=\"post-author-name\" href=\"https:\/\/www.tuxboard.com\/author\/victoriabernard2022tx\/\" title=\"Victoria Bernard\" itemprop=\"url\" rel=\"nofollow noopener\" target=\"_blank\">Victoria Bernard<\/a><\/p>\n<p itemprop=\"description\">Diplom\u00e9e d&rsquo;une grande \u00e9cole de journaliste et j&rsquo;ai aussi un dipl\u00f4me en pr\u00e9paration d&rsquo;ap\u00e9ro. J&rsquo;adore \u00e9crire et surtout pour Tuxboard, l&rsquo;\u00e9quipe est vraiment top et les sujets tr\u00e8s vari\u00e9s m\u00eame si je pr\u00e9f\u00e8re \u00e9crire sur le m\u00e9dia et aussi les tendances mode !<\/p>\n","protected":false},"excerpt":{"rendered":"De nombreuses personnes attendent avec impatience le virement MaPrimeR\u00e9nov&rsquo;. En revanche, il ne risque pas d&rsquo;arriver de si&hellip;\n","protected":false},"author":2,"featured_media":120833,"comment_status":"","ping_status":"","sticky":false,"template":"","format":"standard","meta":{"footnotes":""},"categories":[6],"tags":[35,33,34,1011,27,24268],"class_list":{"0":"post-120832","1":"post","2":"type-post","3":"status-publish","4":"format-standard","5":"has-post-thumbnail","7":"category-economie","8":"tag-business","9":"tag-economie","10":"tag-economy","11":"tag-fr","12":"tag-france","13":"tag-maprimerenov"},"share_on_mastodon":{"url":"https:\/\/pubeurope.com\/@fr\/114554587335481657","error":""},"_links":{"self":[{"href":"https:\/\/www.europesays.com\/fr\/wp-json\/wp\/v2\/posts\/120832","targetHints":{"allow":["GET"]}}],"collection":[{"href":"https:\/\/www.europesays.com\/fr\/wp-json\/wp\/v2\/posts"}],"about":[{"href":"https:\/\/www.europesays.com\/fr\/wp-json\/wp\/v2\/types\/post"}],"author":[{"embeddable":true,"href":"https:\/\/www.europesays.com\/fr\/wp-json\/wp\/v2\/users\/2"}],"replies":[{"embeddable":true,"href":"https:\/\/www.europesays.com\/fr\/wp-json\/wp\/v2\/comments?post=120832"}],"version-history":[{"count":0,"href":"https:\/\/www.europesays.com\/fr\/wp-json\/wp\/v2\/posts\/120832\/revisions"}],"wp:featuredmedia":[{"embeddable":true,"href":"https:\/\/www.europesays.com\/fr\/wp-json\/wp\/v2\/media\/120833"}],"wp:attachment":[{"href":"https:\/\/www.europesays.com\/fr\/wp-json\/wp\/v2\/media?parent=120832"}],"wp:term":[{"taxonomy":"category","embeddable":true,"href":"https:\/\/www.europesays.com\/fr\/wp-json\/wp\/v2\/categories?post=120832"},{"taxonomy":"post_tag","embeddable":true,"href":"https:\/\/www.europesays.com\/fr\/wp-json\/wp\/v2\/tags?post=120832"}],"curies":[{"name":"wp","href":"https:\/\/api.w.org\/{rel}","templated":true}]}}