{"id":120852,"date":"2025-05-23T01:47:19","date_gmt":"2025-05-23T01:47:19","guid":{"rendered":"https:\/\/www.europesays.com\/fr\/120852\/"},"modified":"2025-05-23T01:47:19","modified_gmt":"2025-05-23T01:47:19","slug":"montpellier-hsc-operation-a-venir-et-plusieurs-semaines-dabsences-prevues-pour-teji-savanier","status":"publish","type":"post","link":"https:\/\/www.europesays.com\/fr\/120852\/","title":{"rendered":"Montpellier HSC &#8211; Op\u00e9ration \u00e0 venir et plusieurs semaines d&rsquo;absences pr\u00e9vues pour T\u00e9ji Savanier"},"content":{"rendered":"<p style=\"text-align: justify;\">Sorti sur blessure face \u00e0 Nantes (3-0) lors de la 34e et derni\u00e8re journ\u00e9e de <strong>Ligue 1<\/strong>, <strong>T\u00e9ji Savanier<\/strong> a re\u00e7u de mauvaises nouvelles. Le meneur de jeu de <strong>Montpellier\u00a0<\/strong>serait, selon les informations de nos confr\u00e8res de <a href=\"https:\/\/www.lequipe.fr\/Football\/Actualites\/Alors-que-montpellier-veut-se-separer-de-lui-teji-savanier-va-etre-opere-du-menisque-externe-ce-vendredi\/1563943\" target=\"_blank\" rel=\"noopener\">l\u2019\u00c9quipe<\/a>, s\u00e9rieusement touch\u00e9 au m\u00e9nisque externe et s\u2019appr\u00eaterait \u00e0 subir une op\u00e9ration ce vendredi.<\/p>\n<p>\u00c0 lire aussi &gt;&gt;\u00a0<a href=\"https:\/\/maligue2.fr\/2025\/05\/22\/montpellier-hsc-un-contrat-professionnel-pour-un-jeune-attaquant\/\" target=\"_blank\" rel=\"noopener\">Montpellier HSC \u2013 Un contrat professionnel pour un jeune attaquant<\/a><\/p>\n<p style=\"text-align: justify;\">La saison est certes termin\u00e9e, la descente du MHSC act\u00e9e, mais le timing n\u2019en est pas moins mauvais pour les H\u00e9raultais. En proie \u00e0 certaines difficult\u00e9s financi\u00e8res, la lanterne rouge de premi\u00e8re division comptait sur une \u00e9ventuelle vente de son ancien capitaine, apparu \u00e0 31 reprises au cours de l\u2019exercice 2024-2025 et encore sous contrat jusqu\u2019en 2026, afin de renflouer ses caisses et d\u00e9marrer un nouveau cycle en <strong>Ligue 2<\/strong>.<\/p>\n<p style=\"text-align: justify;\">Mais le p\u00e9pin physique de Savanier pourrait le tenir \u00e9loign\u00e9 des terrains pendant plusieurs semaines, et peut-\u00eatre m\u00eame l\u2019obliger \u00e0 effectuer sa reprise avec le groupe montpelli\u00e9rain. Une situation qui aurait forc\u00e9ment une incidence sur le timing d\u2019un potentiel transfert, et qui pourrait forcer les deux parties \u00e0 revoir leurs plans d\u2019action en vue d\u2019un \u00e9t\u00e9 qui devrait s\u2019inscrire sous le signe du changement.<\/p>\n<p>Photo by Loic Cousin\/Icon Sport<\/p>\n","protected":false},"excerpt":{"rendered":"Sorti sur blessure face \u00e0 Nantes (3-0) lors de la 34e et derni\u00e8re journ\u00e9e de Ligue 1, T\u00e9ji&hellip;\n","protected":false},"author":2,"featured_media":120853,"comment_status":"","ping_status":"","sticky":false,"template":"","format":"standard","meta":{"footnotes":""},"categories":[9599],"tags":[1111,11,1777,674,1011,27,2208,12,2680,25,13006],"class_list":{"0":"post-120852","1":"post","2":"type-post","3":"status-publish","4":"format-standard","5":"has-post-thumbnail","7":"category-montpellier","8":"tag-actu","9":"tag-actualites","10":"tag-eu","11":"tag-europe","12":"tag-fr","13":"tag-france","14":"tag-montpellier","15":"tag-news","16":"tag-occitanie","17":"tag-republique-francaise","18":"tag-teji-savanier"},"share_on_mastodon":{"url":"https:\/\/pubeurope.com\/@fr\/114554630485748069","error":""},"_links":{"self":[{"href":"https:\/\/www.europesays.com\/fr\/wp-json\/wp\/v2\/posts\/120852","targetHints":{"allow":["GET"]}}],"collection":[{"href":"https:\/\/www.europesays.com\/fr\/wp-json\/wp\/v2\/posts"}],"about":[{"href":"https:\/\/www.europesays.com\/fr\/wp-json\/wp\/v2\/types\/post"}],"author":[{"embeddable":true,"href":"https:\/\/www.europesays.com\/fr\/wp-json\/wp\/v2\/users\/2"}],"replies":[{"embeddable":true,"href":"https:\/\/www.europesays.com\/fr\/wp-json\/wp\/v2\/comments?post=120852"}],"version-history":[{"count":0,"href":"https:\/\/www.europesays.com\/fr\/wp-json\/wp\/v2\/posts\/120852\/revisions"}],"wp:featuredmedia":[{"embeddable":true,"href":"https:\/\/www.europesays.com\/fr\/wp-json\/wp\/v2\/media\/120853"}],"wp:attachment":[{"href":"https:\/\/www.europesays.com\/fr\/wp-json\/wp\/v2\/media?parent=120852"}],"wp:term":[{"taxonomy":"category","embeddable":true,"href":"https:\/\/www.europesays.com\/fr\/wp-json\/wp\/v2\/categories?post=120852"},{"taxonomy":"post_tag","embeddable":true,"href":"https:\/\/www.europesays.com\/fr\/wp-json\/wp\/v2\/tags?post=120852"}],"curies":[{"name":"wp","href":"https:\/\/api.w.org\/{rel}","templated":true}]}}