{"id":120856,"date":"2025-05-23T01:53:27","date_gmt":"2025-05-23T01:53:27","guid":{"rendered":"https:\/\/www.europesays.com\/fr\/120856\/"},"modified":"2025-05-23T01:53:27","modified_gmt":"2025-05-23T01:53:27","slug":"la-police-intervient-un-camion-de-la-dir-ouest-percute","status":"publish","type":"post","link":"https:\/\/www.europesays.com\/fr\/120856\/","title":{"rendered":"la police intervient, un camion de la DIR Ouest percut\u00e9"},"content":{"rendered":"<p>            Par<br \/>\n        <strong><br \/>\n            <a href=\"https:\/\/actu.fr\/auteur\/brian-legoff\" title=\"Consulter tous les articles de Brian Le Goff\" rel=\"nofollow noopener\" target=\"_blank\">Brian Le Goff<\/a><br \/>\n        <\/strong><\/p>\n<p>        Publi\u00e9 le<\/p>\n<p>            22 mai 2025 \u00e0 16h48        <\/p>\n<p>Ce sont de nouveaux faits qui pourraient avoir un lien avec le <a href=\"https:\/\/actu.fr\/bretagne\/rennes_35238\/nouvelle-grosse-operation-anti-drogue-a-rennes-18-personnes-interpellees-12-bientot-jugees-dont-4-mineurs_62590967.html\" rel=\"nofollow noopener\" target=\"_blank\">narcotrafic \u00e0 Rennes<\/a>. Dans la nuit du mercredi 21 au jeudi 22 mai 2025, un v\u00e9hicule de la DIR Ouest a \u00e9t\u00e9 percut\u00e9 par une BMW, <strong>au niveau du rond-point d\u2019Alma,<\/strong> au sud de la capitale bretonne, indiquent plusieurs sources concordantes \u00e0 <a href=\"https:\/\/actu.fr\/rennes\/\" rel=\"nofollow noopener\" target=\"_blank\">actu Rennes<\/a>, confirmant <a href=\"https:\/\/www.ouest-france.fr\/societe\/faits-divers\/les-dealers-en-fuite-foncent-dans-un-vehicule-de-la-diro-sur-le-rond-point-dalma-a-rennes-4b1f7a38-36f6-11f0-bf6c-240af7605eff\" rel=\"nofollow noopener\" target=\"_blank\">Ouest-France<\/a>.<\/p>\n<p class=\" wall-content\">Selon les informations partielles que l\u2019on a pu obtenir au moment o\u00f9 nous \u00e9crivons ces lignes, <strong>deux v\u00e9hicules auraient entrepris une course-poursuite<\/strong> dans le centre-ville de Rennes avant qu\u2019ils ne soient pris en chasse par la <a href=\"https:\/\/actu.fr\/tag\/police\" rel=\"nofollow noopener\" target=\"_blank\">police<\/a>.<\/p>\n<p>Deux agents \u00e0 l\u2019int\u00e9rieur du fourgon<\/p>\n<p class=\" wall-content\">La suite de cette course-poursuite, qui concernerait ainsi trois v\u00e9hicules, s\u2019est sold\u00e9e par l\u2019<a href=\"https:\/\/actu.fr\/tag\/accident\" rel=\"nofollow noopener\" target=\"_blank\">accident<\/a> avec le v\u00e9hicule de la DIR Ouest, en intervention sur un chantier de fauchage.<\/p>\n<blockquote class=\"ac-article-quote wall-content\">\n<p>Deux agents \u00e9taient \u00e0 bord lors de l&rsquo;impact, heureusement indemnes physiquement, mais profond\u00e9ment choqu\u00e9s.<\/p>\n<p>    <strong>DIR Ouest<\/strong>\n            <\/p><\/blockquote>\n<p>    <a href=\"https:\/\/www.facebook.com\/plugins\/post.php?href=https%3A%2F%2Fwww.facebook.com%2Fdirouest%2Fposts%2Fpfbid0FaXRGgtM5Qe4VQ9JNAcr59BJQ5W4B6MzpYPRHETDVEeaaKq7cmZfytYQys1YMnRVl&amp;show_text=true&amp;width=350\" title=\"Ouvrie le lien\" rel=\"nofollow noopener\" target=\"_blank\">Cliquez ici pour visualiser le contenu<\/a><\/p>\n<p class=\" wall-content\">Par ailleurs, la direction interd\u00e9partementale des routes ouest d\u00e9plore le<strong> huiti\u00e8me accident<\/strong> avec un v\u00e9hicule de ses services depuis le d\u00e9but de l\u2019ann\u00e9e sur les routes de <a href=\"https:\/\/actu.fr\/bretagne\/\" rel=\"nofollow noopener\" target=\"_blank\">Bretagne<\/a> et Loire-Atlantique.<\/p>\n<p>Vid\u00e9os : en ce moment sur ActuArmes jet\u00e9es et retrouv\u00e9es<\/p>\n<p class=\" wall-content\">Durant la course-poursuite, des armes ont \u00e9t\u00e9 jet\u00e9es par les occupants d\u2019au moins un des v\u00e9hicules. Quant \u00e0 <strong>l\u2019impact<\/strong> avec le fourgon de la DIR Ouest, il a \u00e9t\u00e9 <strong>assez fort,<\/strong> \u00ab\u00a0la bagnole est d\u00e9fonc\u00e9e (sic)\u00a0\u00bb, nous dit-on.<\/p>\n<p class=\" wall-content\">La voiture de marque BMW s\u2019est ensuite arr\u00eat\u00e9e quelques dizaines de m\u00e8tres plus loin. Ses <strong>occupants ont tent\u00e9 de prendre la fuite<\/strong>, mais trois d\u2019entre eux ont \u00e9t\u00e9 appr\u00e9hend\u00e9s par les forces de l\u2019ordre. \u00ab\u00a0Il est fort probable que ces individus \u00e9taient venus mener une action violente\u00a0\u00bb, note un interlocuteur aupr\u00e8s d\u2019actu Rennes.<\/p>\n<p class=\" wall-content\">Sollicit\u00e9, <strong>Fr\u00e9d\u00e9ric Teillet,<\/strong> le procureur de la R\u00e9publique, n\u2019a pas encore r\u00e9pondu \u00e0 notre demande d\u2019informations<\/p>\n<p>Un sch\u00e9ma qui se r\u00e9p\u00e8te<\/p>\n<p class=\" wall-content\">Pour rappel, ces derni\u00e8res semaines, <a href=\"https:\/\/actu.fr\/bretagne\/rennes_35238\/nouvelle-fusillade-dans-le-quartier-de-villejean-a-rennes-blesses-interpelles-enquete-ce-que-l-on-sait_62592796.html\" rel=\"nofollow noopener\" target=\"_blank\">deux fusillades<\/a> <strong>sur fond de trafic de stup\u00e9fiants et de reprise d\u2019un point de deal<\/strong> ont marqu\u00e9 les esprits dans le quartier de <a href=\"https:\/\/actu.fr\/tag\/villejean\" rel=\"nofollow noopener\" target=\"_blank\">Villejean<\/a> \u00e0 Rennes. D\u2019abord, <a href=\"https:\/\/actu.fr\/bretagne\/rennes_35238\/fusillade-dans-le-quartier-de-villejean-a-rennes-les-quatre-suspects-mis-en-examen-et-places-en-detention_62539213.html\" rel=\"nofollow noopener\" target=\"_blank\">le 17 avril<\/a>, puis <a href=\"https:\/\/actu.fr\/bretagne\/rennes_35238\/rennes-fusillade-a-villejean-mises-en-examen-detention-quelles-suites-judiciaires-dans-cette-affaire_62610808.html\" rel=\"nofollow noopener\" target=\"_blank\">le 3 mai dernier<\/a>.<\/p>\n<p class=\" wall-content\">\u00c0 chaque fois, le proc\u00e9d\u00e9 \u00e9tait le m\u00eame. Un <strong>commando arm\u00e9 descendait d\u2019une voiture<\/strong> puis tirait en direction d\u2019individus regroup\u00e9s \u00e0 des endroits susceptibles d\u2019abriter un point de deal. Lors de la deuxi\u00e8me fusillade, une <a href=\"https:\/\/actu.fr\/bretagne\/rennes_35238\/nouvelle-fusillade-a-rennes-course-poursuite-vehicules-percutes-le-recit-de-la-fuite-des-tireurs_62611005.html\" rel=\"nofollow noopener\" target=\"_blank\">course-poursuite s\u2019\u00e9tait \u00e9galement engag\u00e9e entre le commando et la police jusqu\u2019\u00e0 Saint-Gr\u00e9goire<\/a>.<\/p>\n<p class=\" wall-content\">Mardi 20 mai, <a href=\"https:\/\/actu.fr\/bretagne\/rennes_35238\/fusillades-dans-le-quartier-villejean-a-rennes-six-individus-interpelles-dont-un-mineur_62672429.html\" rel=\"nofollow noopener\" target=\"_blank\">six hommes ont \u00e9t\u00e9 interpell\u00e9s dans le cadre des investigations en cours concernant les fusillades entre le 5 et le 11 janvier 2025<\/a>, toujours dans le quartier de Villejean. Parmi ces interpell\u00e9s, l\u2019un se trouvait d\u00e9j\u00e0 en d\u00e9tention provisoire pour avoir aussi pris part \u00e0 la fusillade du 3 mai dernier.<\/p>\n<p class=\" wall-content\">Suivez toute l\u2019actualit\u00e9 de vos villes et m\u00e9dias favoris en vous inscrivant \u00e0 <a href=\"https:\/\/moncompte.actu.fr\" title=\"D\u00e9couvez Mon Actu\" rel=\"nofollow noopener\" data-trk=\"{&quot;cta&quot;:{&quot;action&quot;:&quot;https:\\\/\\\/moncompte.actu.fr&quot;,&quot;category&quot;:&quot;mon compte&quot;,&quot;from&quot;:&quot;article footer&quot;,&quot;name&quot;:&quot;Mon actu&quot;,&quot;type&quot;:&quot;cta&quot;}}\" target=\"_blank\">Mon Actu<\/a>.<\/p>\n","protected":false},"excerpt":{"rendered":"Par Brian Le Goff Publi\u00e9 le 22 mai 2025 \u00e0 16h48 Ce sont de nouveaux faits qui pourraient&hellip;\n","protected":false},"author":2,"featured_media":120857,"comment_status":"","ping_status":"","sticky":false,"template":"","format":"standard","meta":{"footnotes":""},"categories":[2821],"tags":[1111,11,829,1052,1777,674,118,1011,27,813,12,1072,584,25],"class_list":{"0":"post-120856","1":"post","2":"type-post","3":"status-publish","4":"format-standard","5":"has-post-thumbnail","7":"category-rennes","8":"tag-actu","9":"tag-actualites","10":"tag-bretagne","11":"tag-drogue","12":"tag-eu","13":"tag-europe","14":"tag-faits-divers","15":"tag-fr","16":"tag-france","17":"tag-narcotrafiquants","18":"tag-news","19":"tag-police","20":"tag-rennes","21":"tag-republique-francaise"},"share_on_mastodon":{"url":"https:\/\/pubeurope.com\/@fr\/114554654110920309","error":""},"_links":{"self":[{"href":"https:\/\/www.europesays.com\/fr\/wp-json\/wp\/v2\/posts\/120856","targetHints":{"allow":["GET"]}}],"collection":[{"href":"https:\/\/www.europesays.com\/fr\/wp-json\/wp\/v2\/posts"}],"about":[{"href":"https:\/\/www.europesays.com\/fr\/wp-json\/wp\/v2\/types\/post"}],"author":[{"embeddable":true,"href":"https:\/\/www.europesays.com\/fr\/wp-json\/wp\/v2\/users\/2"}],"replies":[{"embeddable":true,"href":"https:\/\/www.europesays.com\/fr\/wp-json\/wp\/v2\/comments?post=120856"}],"version-history":[{"count":0,"href":"https:\/\/www.europesays.com\/fr\/wp-json\/wp\/v2\/posts\/120856\/revisions"}],"wp:featuredmedia":[{"embeddable":true,"href":"https:\/\/www.europesays.com\/fr\/wp-json\/wp\/v2\/media\/120857"}],"wp:attachment":[{"href":"https:\/\/www.europesays.com\/fr\/wp-json\/wp\/v2\/media?parent=120856"}],"wp:term":[{"taxonomy":"category","embeddable":true,"href":"https:\/\/www.europesays.com\/fr\/wp-json\/wp\/v2\/categories?post=120856"},{"taxonomy":"post_tag","embeddable":true,"href":"https:\/\/www.europesays.com\/fr\/wp-json\/wp\/v2\/tags?post=120856"}],"curies":[{"name":"wp","href":"https:\/\/api.w.org\/{rel}","templated":true}]}}