{"id":120865,"date":"2025-05-23T01:59:51","date_gmt":"2025-05-23T01:59:51","guid":{"rendered":"https:\/\/www.europesays.com\/fr\/120865\/"},"modified":"2025-05-23T01:59:51","modified_gmt":"2025-05-23T01:59:51","slug":"a-nantes-des-neonazis-menes-par-un-recidiviste-attaquent-un-bar","status":"publish","type":"post","link":"https:\/\/www.europesays.com\/fr\/120865\/","title":{"rendered":"\u00c0 Nantes, des n\u00e9onazis men\u00e9s par un r\u00e9cidiviste attaquent un bar"},"content":{"rendered":"<p><strong>\u00ab En 20 ans de bar, je n\u2019ai jamais vu \u00e7a\u00a0\u00bb<\/strong>, s\u2019alarme G\u00e9rard Mauduit, patron du Chien Stupide \u00e0 Nantes (44), qui vient de subir une agression d\u2019un commando d\u2019extr\u00eame droite. Le week-end dernier, dans la nuit du vendredi 25 au samedi 26 avril 2025, six agresseurs, tous cagoul\u00e9s sauf un, d\u00e9barquent sur sa terrasse, pas tr\u00e8s loin de la mairie, rue de Strasbourg. Il est alors 1h30 du matin, la fermeture approche, deux DJ LGBTQIA+ finissent leur mix. Une bande arrive masqu\u00e9e et commence \u00e0 placer des autocollants estampill\u00e9s fafs. L\u2019un d\u2019eux comporte le logo du RED, le <a href=\"https:\/\/cartofaf.streetpress.com\/carte#red-angers\" rel=\"nofollow noopener\" target=\"_blank\">Rassemblement des \u00e9tudiants de droite<\/a>, faux-nez de <a href=\"https:\/\/cartofaf.streetpress.com\/carte#lalvarium\" rel=\"nofollow noopener\" target=\"_blank\">l\u2019Alvarium<\/a> \u2013 un groupuscule national-catholique d\u2019Angers (49), dissous par le gouvernement (1).<\/p>\n<p>Certains clients ne l\u2019entendent pas de cette oreille. Rapidement, une bagarre \u00e9clate devant le bar plut\u00f4t \u00e9tiquet\u00e9 \u00e0 gauche, lui-m\u00eame marqu\u00e9 de stickers antifascistes. Mais les n\u00e9onazis, qui s\u2019adonneront <strong>au salut hitl\u00e9rien, sont \u00e9quip\u00e9s et font usage de gel lacrymog\u00e8ne<\/strong>. Plusieurs t\u00e9moins, salari\u00e9s du bar comme livreur de repas d\u2019une plateforme, aper\u00e7oivent une matraque t\u00e9lescopique. \u00ab\u00a0L\u2019un d\u2019eux avait enlev\u00e9 sa ceinture et la maniait d\u00e9pli\u00e9e \u00e0 bout de bras\u00a0\u00bb, ajoute Pierrick, du Chien Stupide. Les chaises volent, <strong>le serveur prend la d\u00e9fense des clients et encaisse quelques coups, lui laissant des ecchymoses \u00e0 l\u2019arcade sourcili\u00e8re<\/strong>. <\/p>\n<p>Ni ce dernier ni les deux autres personnes bless\u00e9es \u00e0 la main et \u00e0 la t\u00eate ne veulent se r\u00e9soudre \u00e0 porter plainte. En cause, <a href=\"https:\/\/www.streetpress.com\/sujet\/1745416741-embarrassant-fils-directeur-police-cadre-groupe-neofasciste-stanislas-louis-laugier-retailleau-extreme-droite\" rel=\"nofollow noopener\" target=\"_blank\">les r\u00e9v\u00e9lations r\u00e9centes de StreetPress<\/a> sur Stanislas Laugier, cadre du groupe local n\u00e9ofasciste Ligue lig\u00e9rienne et le directeur g\u00e9n\u00e9ral de la police, son p\u00e8re, Louis Laugier. \u00ab\u00a0Cette situation peut renforcer le sentiment d\u2019impunit\u00e9 de certains jeunes\u00a0\u00bb, ajoute Bruno, un des clients du Chien Stupide, pr\u00e9sent cette nuit-l\u00e0.<\/p>\n<p>Ultra violence et reconstitution de ligue dissoute<\/p>\n<p>Le leader du groupe d\u2019agresseurs, le seul dont le visage n\u2019\u00e9tait pas dissimul\u00e9, est selon nos informations <strong>C\u00f4me Jullien de Pommerol<\/strong>. Un grand gaillard angevin qui s\u2019est radicalis\u00e9 dans le sillage de la Manif pour tous, bien connu de StreetPress. \u00ab\u00a0Il hurlait et r\u00e9p\u00e9tait en boucle\u00a0: \u201cQui est antifa ici\u00a0? Venez vous battre, envoyez-moi quatre gars\u201d\u00a0\u00bb, raconte Pierrick. L\u2019adepte de la baston est un proche de l\u2019Alvarium. Le RED qu\u2019il menait ce soir au Chien Stupide est sous le coup d\u2019une <a href=\"https:\/\/www.streetpress.com\/sujet\/1705591621-alvarium-dissolution-extreme-droite-activites-menace-reconstitution-ligue-infraction-darmanin\" rel=\"nofollow noopener\" target=\"_blank\">enqu\u00eate<\/a> pour reconstitution de ligue dissoute, tellement il reprend tous les crit\u00e8res du mouvement angevin. C\u00f4me Jullien de Pommerol a d\u00e9j\u00e0 \u00e9t\u00e9 <a href=\"https:\/\/www.mediapart.fr\/journal\/france\/180823\/fier-d-etre-libere-par-la-justice-meme-si-casse-des-jambes-des-petites-salopes-de-gauchistes\" rel=\"nofollow noopener\" target=\"_blank\">condamn\u00e9 \u00e0 trois mois de prison avec sursis<\/a> pour son implication dans une rixe \u00e0 Angers, le 30 juin 2023, dans le contexte d\u2019une manifestation contre les violences polici\u00e8res, apr\u00e8s la mort de Nahel Merzouk. Sur des <a href=\"https:\/\/x.com\/GuiCaptant\/status\/1674890818534998018\" rel=\"nofollow\">images<\/a> de ce combat de rue, on le voit frapper violemment sur un manifestant \u00e0 terre. <\/p>\n<blockquote class=\"twitter-tweet\">\n<p lang=\"fr\" dir=\"ltr\"> Prenez un instant pour \u00e9couter un fasciste du RED\/alvarium se vanter des violences qu&rsquo;ils ont commis \u00e0 Angers et de la d\u00e9cision de la justice (de classe) qu&rsquo;il voit comme un blanc seing pour recommencer. D&rsquo;ailleurs en ce moment il s&rsquo;entra\u00eene \u00e0 l&rsquo;udt d&rsquo;Academia Christiana. <a href=\"https:\/\/t.co\/ANLU6PCiob\" rel=\"nofollow\">pic.twitter.com\/ANLU6PCiob<\/a><\/p>\n<p>\u2014 R\u00e9seau Angevin AntiFasciste (@AngersRaaf) <a href=\"https:\/\/twitter.com\/AngersRaaf\/status\/1691876006888407048?ref_src=twsrc%5Etfw\" rel=\"nofollow noopener\" target=\"_blank\">August 16, 2023<\/a><\/p><\/blockquote>\n<p>C\u00f4me Jullien de Pommerol est un ancien proche de Jean-Eudes Gannat, ancien leader de l\u2019Alvarium, qui affirme \u00e0 StreetPress l\u2019avoir exclu de son mouvement en 2021, ajoutant qu\u2019il aurait aussi \u00e9t\u00e9 \u00e9vinc\u00e9 du RED en 2023 (1). La venue de Gannat \u00e0 Nantes le 13 mars dernier pour une conf\u00e9rence organis\u00e9e par la <a href=\"https:\/\/cartofaf.streetpress.com\/carte#ligue-ligerienne\" rel=\"nofollow noopener\" target=\"_blank\">Ligue lig\u00e9rienne<\/a> avait mobilis\u00e9 les militants antifascistes. Lors de cette <a href=\"https:\/\/www.ouest-france.fr\/societe\/manifestation\/manifestation-sauvage-a-nantes-des-citoyens-antifascistes-defilent-dans-le-centre-ville-afdf8828-0032-11f0-889b-49069a321526\" rel=\"nofollow noopener\" target=\"_blank\">manifestation<\/a>, trois jeunes de droite attabl\u00e9s devant le Caf\u00e9 du Cin\u00e9ma, bar voisin du Chien Stupide, avaient m\u00eame pris des coups.<\/p>\n<p>Une manifestation prochaine de la mouvance<\/p>\n<p>En moins d\u2019une semaine, l\u2019extr\u00eame droite a cibl\u00e9 trois fois des bars. \u00c0 Nantes donc, mais aussi <a href=\"https:\/\/www.instagram.com\/p\/DI_HKrAMb9y\/?img_index=1\" rel=\"nofollow noopener\" target=\"_blank\">\u00e0 Albi (83), le m\u00eame soir<\/a>, o\u00f9 c\u2019est le groupe identitaire violent Patria Albiges qui a s\u00e9vi. Une attaque constitu\u00e9e <strong>d\u2019un violent coup de poing sur une femme sexag\u00e9naire et de gaz lacrymog\u00e8ne<\/strong>. \u00c0 Caen (14), le 23 avril dernier, une autre bande a tent\u00e9 d\u2019intimider des clients d\u2019un autre bar de gauche, aux cris de \u00ab\u00a0Caen est nazi\u00a0\u00bb. Dans le lot, <a href=\"https:\/\/www.liberation.fr\/politique\/caen-est-nazi-dans-le-calvados-des-jeunes-rn-sacoquinent-avec-des-nostalgiques-du-iiie-reich-20250428_UWL4XEZ47RADVAFCWH7ZQSNIME\/?redirected=1\" rel=\"nofollow noopener\" target=\"_blank\">Lib\u00e9ration a rep\u00e9r\u00e9<\/a> deux femmes qui fr\u00e9quentent la section locale du Rassemblement national de la jeunesse (RNJ).<\/p>\n<p>Une mont\u00e9e de tensions et de violences, alors que se profile la manifestation du Comit\u00e9 du 9 mai, le rassemblement n\u00e9ofasciste qui regroupe chaque ann\u00e9e \u00e0 Paris plusieurs centaines de militants d\u2019extr\u00eame droite. <strong>Un autre autocollant laiss\u00e9 au Chien Stupide renvoie \u00e0 ce rendez-vous rituel<\/strong>. Cette ann\u00e9e, la manifestation, pr\u00e9vue le 10 mai, sera de nouveau officiellement interdite par la pr\u00e9fecture, <a href=\"https:\/\/www.mediapart.fr\/journal\/france\/250425\/leader-d-un-groupe-neofasciste-et-fils-du-directeur-de-la-police-nationale-pour-la-place-beauvau-il-n-y-pa\" rel=\"nofollow noopener\" target=\"_blank\">a appris Mediapart<\/a>. Pourtant, l\u2019an dernier, les nostalgiques du <a href=\"https:\/\/cartofaf.streetpress.com\/carte#groupe-union-defense\" title=\"GUD\" rel=\"nofollow noopener\" target=\"_blank\">Groupe union d\u00e9fense<\/a>, tenant historique du rassemblement, avaient \u00e9t\u00e9 autoris\u00e9s par le tribunal administratif \u00e0 d\u00e9filer in extremis.<\/p>\n<p>(1) Mise \u00e0 jour le 29\/04 \u00e0 17h26 : \u00c0 la suite de contestations de Jean-Eudes Gannat sur le fait qu\u2019il serait encore proche avec C\u00f4me Jullien de Pommerol, qui aurait \u00e9t\u00e9 exclu du RED et de l\u2019Alvarium, nous avons modifi\u00e9 la phrase en cons\u00e9quence. Ce dernier conteste \u00e9galement que le RED Angers soit un faux-nez de l\u2019Alvarium. Et ce alors qu\u2019ils avaient <a href=\"https:\/\/www.liberation.fr\/societe\/police-justice\/a-angers-lextreme-droite-reactive-ses-reseaux-un-an-apres-la-dissolution-de-lalvarium-20221012_6G5B3HQGDZDBPJ7IHKGSG5IMBQ\/?redirected=1\" rel=\"nofollow noopener\" target=\"_blank\">des militants communs, repris le m\u00eame local<\/a> et sont vis\u00e9s par une enqu\u00eate pour reconstitution de ligue dissoute.<\/p>\n<p><script async src=\"https:\/\/platform.twitter.com\/widgets.js\" charset=\"utf-8\"><\/script><script async src=\"\/\/www.instagram.com\/embed.js\"><\/script><\/p>\n","protected":false},"excerpt":{"rendered":"\u00ab En 20 ans de bar, je n\u2019ai jamais vu \u00e7a\u00a0\u00bb, s\u2019alarme G\u00e9rard Mauduit, patron du Chien Stupide&hellip;\n","protected":false},"author":2,"featured_media":120866,"comment_status":"","ping_status":"","sticky":false,"template":"","format":"standard","meta":{"footnotes":""},"categories":[2818],"tags":[1111,47,11,3625,1777,674,1011,27,1922,5180,766,12,626,2636,316,25,5181,104,5179,5178],"class_list":{"0":"post-120865","1":"post","2":"type-post","3":"status-publish","4":"format-standard","5":"has-post-thumbnail","7":"category-nantes","8":"tag-actu","9":"tag-actualite","10":"tag-actualites","11":"tag-banlieue","12":"tag-eu","13":"tag-europe","14":"tag-fr","15":"tag-france","16":"tag-info","17":"tag-magazine-urbain","18":"tag-nantes","19":"tag-news","20":"tag-paris","21":"tag-pays-de-la-loire","22":"tag-politique","23":"tag-republique-francaise","24":"tag-site-participatif","25":"tag-societe","26":"tag-street-press","27":"tag-streetpress"},"share_on_mastodon":{"url":"https:\/\/pubeurope.com\/@fr\/114554681678956488","error":""},"_links":{"self":[{"href":"https:\/\/www.europesays.com\/fr\/wp-json\/wp\/v2\/posts\/120865","targetHints":{"allow":["GET"]}}],"collection":[{"href":"https:\/\/www.europesays.com\/fr\/wp-json\/wp\/v2\/posts"}],"about":[{"href":"https:\/\/www.europesays.com\/fr\/wp-json\/wp\/v2\/types\/post"}],"author":[{"embeddable":true,"href":"https:\/\/www.europesays.com\/fr\/wp-json\/wp\/v2\/users\/2"}],"replies":[{"embeddable":true,"href":"https:\/\/www.europesays.com\/fr\/wp-json\/wp\/v2\/comments?post=120865"}],"version-history":[{"count":0,"href":"https:\/\/www.europesays.com\/fr\/wp-json\/wp\/v2\/posts\/120865\/revisions"}],"wp:featuredmedia":[{"embeddable":true,"href":"https:\/\/www.europesays.com\/fr\/wp-json\/wp\/v2\/media\/120866"}],"wp:attachment":[{"href":"https:\/\/www.europesays.com\/fr\/wp-json\/wp\/v2\/media?parent=120865"}],"wp:term":[{"taxonomy":"category","embeddable":true,"href":"https:\/\/www.europesays.com\/fr\/wp-json\/wp\/v2\/categories?post=120865"},{"taxonomy":"post_tag","embeddable":true,"href":"https:\/\/www.europesays.com\/fr\/wp-json\/wp\/v2\/tags?post=120865"}],"curies":[{"name":"wp","href":"https:\/\/api.w.org\/{rel}","templated":true}]}}