{"id":12088,"date":"2025-04-09T07:53:09","date_gmt":"2025-04-09T07:53:09","guid":{"rendered":"https:\/\/www.europesays.com\/fr\/12088\/"},"modified":"2025-04-09T07:53:09","modified_gmt":"2025-04-09T07:53:09","slug":"lequipe-de-france-de-volley-ball-rencontrera-cuba-a-poitiers-en-amical","status":"publish","type":"post","link":"https:\/\/www.europesays.com\/fr\/12088\/","title":{"rendered":"L&rsquo;\u00e9quipe de France de volley-ball rencontrera Cuba \u00e0 Poitiers en amical"},"content":{"rendered":"<p><b>Premi\u00e8re \u00e9tape \u00e0 Qu\u00e9bec (Canada)<\/b><br \/>11\u00a0juin\u00a0: Argentine (22h30, heure fran\u00e7aise)<br \/>14\u00a0juin\u00a0: Italie (2h), et Canada (22h30)<br \/>15\u00a0juin\u00a0: Allemagne (20h30)<\/p>\n<p><b>Deuxi\u00e8me \u00e9tape \u00e0 Burgas (Bulgarie)<\/b><br \/>25\u00a0juin\u00a0: Ukraine (11h30, heure fran\u00e7aise)<br \/>26\u00a0juin\u00a0: Japon (14\u00a0heures)<br \/>28\u00a0juin\u00a0: Slov\u00e9nie (14h30)<br \/>29\u00a0juin\u00a0: Turquie (14\u00a0heures)<br \/><b>Troisi\u00e8me \u00e9tape \u00e0 Gdansk (Pologne)<\/b><br \/>16\u00a0juillet\u00a0: Chine (13\u00a0heures, heure fran\u00e7aise)<br \/>18\u00a0juillet\u00a0: Cuba (16h30)<br \/>19\u00a0juillet\u00a0: Iran (20h30)<br \/>20\u00a0juillet\u00a0: Pologne (20h30)<br \/><b>Phase finale \u00e0 8<\/b><br \/>31\u00a0juillet-3\u00a0ao\u00fbt (lieu \u00e0 d\u00e9terminer)<\/p>\n","protected":false},"excerpt":{"rendered":"Premi\u00e8re \u00e9tape \u00e0 Qu\u00e9bec (Canada)11\u00a0juin\u00a0: Argentine (22h30, heure fran\u00e7aise)14\u00a0juin\u00a0: Italie (2h), et Canada (22h30)15\u00a0juin\u00a0: Allemagne (20h30) Deuxi\u00e8me \u00e9tape&hellip;\n","protected":false},"author":2,"featured_media":12089,"comment_status":"","ping_status":"","sticky":false,"template":"","format":"standard","meta":{"footnotes":""},"categories":[1417],"tags":[1011,27,60,1470,1469],"class_list":{"0":"post-12088","1":"post","2":"type-post","3":"status-publish","4":"format-standard","5":"has-post-thumbnail","7":"category-volley","8":"tag-fr","9":"tag-france","10":"tag-sports","11":"tag-volley","12":"tag-volleyball"},"share_on_mastodon":{"url":"https:\/\/pubeurope.com\/@fr\/114306928009393399","error":""},"_links":{"self":[{"href":"https:\/\/www.europesays.com\/fr\/wp-json\/wp\/v2\/posts\/12088","targetHints":{"allow":["GET"]}}],"collection":[{"href":"https:\/\/www.europesays.com\/fr\/wp-json\/wp\/v2\/posts"}],"about":[{"href":"https:\/\/www.europesays.com\/fr\/wp-json\/wp\/v2\/types\/post"}],"author":[{"embeddable":true,"href":"https:\/\/www.europesays.com\/fr\/wp-json\/wp\/v2\/users\/2"}],"replies":[{"embeddable":true,"href":"https:\/\/www.europesays.com\/fr\/wp-json\/wp\/v2\/comments?post=12088"}],"version-history":[{"count":0,"href":"https:\/\/www.europesays.com\/fr\/wp-json\/wp\/v2\/posts\/12088\/revisions"}],"wp:featuredmedia":[{"embeddable":true,"href":"https:\/\/www.europesays.com\/fr\/wp-json\/wp\/v2\/media\/12089"}],"wp:attachment":[{"href":"https:\/\/www.europesays.com\/fr\/wp-json\/wp\/v2\/media?parent=12088"}],"wp:term":[{"taxonomy":"category","embeddable":true,"href":"https:\/\/www.europesays.com\/fr\/wp-json\/wp\/v2\/categories?post=12088"},{"taxonomy":"post_tag","embeddable":true,"href":"https:\/\/www.europesays.com\/fr\/wp-json\/wp\/v2\/tags?post=12088"}],"curies":[{"name":"wp","href":"https:\/\/api.w.org\/{rel}","templated":true}]}}