{"id":120889,"date":"2025-05-23T02:14:11","date_gmt":"2025-05-23T02:14:11","guid":{"rendered":"https:\/\/www.europesays.com\/fr\/120889\/"},"modified":"2025-05-23T02:14:11","modified_gmt":"2025-05-23T02:14:11","slug":"chanel-118-millions-deuros-pour-un-immeuble-parisien-2","status":"publish","type":"post","link":"https:\/\/www.europesays.com\/fr\/120889\/","title":{"rendered":"Chanel: 118 millions d&rsquo;euros pour un immeuble parisien"},"content":{"rendered":"<p>\n                                        <b>Par<\/b><br \/>\n                                        <br \/>Bloomberg\n                                    <\/p>\n<p>\n                                    <b>Publi\u00e9 le<\/b><br \/>\n                                    <\/p>\n<p>                                        22 mai 2025<\/p>\n<p class=\"article-content col-md-8 offset-md-1\">\n                                L&rsquo;ann\u00e9e derni\u00e8re, <a class=\"fnwAddLinks\" href=\"https:\/\/tn.fashionnetwork.com\/tags-chanel\" title=\"Chanel\" target=\"_blank\" rel=\"noopener\">Chanel<\/a> a investi dans une propri\u00e9t\u00e9 \u00e0 proximit\u00e9 de sa boutique principale \u00e0 Paris, alors que les marques de luxe cherchent \u00e0 s&rsquo;assurer des emplacements de choix pour leurs magasins.\n                            <\/p>\n<p>\n                                Cet article est une traduction automatique.<br \/>\n                                    <a href=\"https:\/\/ww.fashionnetwork.com\/news\/Chanel-spent-118-million-on-paris-building-near-flagship-store,1733214.html\" target=\"_blank\" rel=\"noopener\">Cliquez ici<\/a> pour consulter l&rsquo;article d&rsquo;origine.\n                            <\/p>\n","protected":false},"excerpt":{"rendered":"Par Bloomberg Publi\u00e9 le 22 mai 2025 L&rsquo;ann\u00e9e derni\u00e8re, Chanel a investi dans une propri\u00e9t\u00e9 \u00e0 proximit\u00e9 de&hellip;\n","protected":false},"author":2,"featured_media":120783,"comment_status":"","ping_status":"","sticky":false,"template":"","format":"standard","meta":{"footnotes":""},"categories":[1888],"tags":[11,2424,1890,537,2423,24262,1777,674,1011,27,2425,7484,985,24261,12,2298,626,2426,2427,25,2421,2422],"class_list":{"0":"post-120889","1":"post","2":"type-post","3":"status-publish","4":"format-standard","5":"has-post-thumbnail","7":"category-paris","8":"tag-actualites","9":"tag-beaute","10":"tag-chanel","11":"tag-contact","12":"tag-cosmetiques","13":"tag-crillon","14":"tag-eu","15":"tag-europe","16":"tag-fr","17":"tag-france","18":"tag-luxe","19":"tag-lvmh","20":"tag-mode","21":"tag-montaigne","22":"tag-news","23":"tag-parfum","24":"tag-paris","25":"tag-professionnel","26":"tag-professionnels","27":"tag-republique-francaise","28":"tag-reseau","29":"tag-textile"},"share_on_mastodon":{"url":"https:\/\/pubeurope.com\/@fr\/114554736749494809","error":""},"_links":{"self":[{"href":"https:\/\/www.europesays.com\/fr\/wp-json\/wp\/v2\/posts\/120889","targetHints":{"allow":["GET"]}}],"collection":[{"href":"https:\/\/www.europesays.com\/fr\/wp-json\/wp\/v2\/posts"}],"about":[{"href":"https:\/\/www.europesays.com\/fr\/wp-json\/wp\/v2\/types\/post"}],"author":[{"embeddable":true,"href":"https:\/\/www.europesays.com\/fr\/wp-json\/wp\/v2\/users\/2"}],"replies":[{"embeddable":true,"href":"https:\/\/www.europesays.com\/fr\/wp-json\/wp\/v2\/comments?post=120889"}],"version-history":[{"count":0,"href":"https:\/\/www.europesays.com\/fr\/wp-json\/wp\/v2\/posts\/120889\/revisions"}],"wp:featuredmedia":[{"embeddable":true,"href":"https:\/\/www.europesays.com\/fr\/wp-json\/wp\/v2\/media\/120783"}],"wp:attachment":[{"href":"https:\/\/www.europesays.com\/fr\/wp-json\/wp\/v2\/media?parent=120889"}],"wp:term":[{"taxonomy":"category","embeddable":true,"href":"https:\/\/www.europesays.com\/fr\/wp-json\/wp\/v2\/categories?post=120889"},{"taxonomy":"post_tag","embeddable":true,"href":"https:\/\/www.europesays.com\/fr\/wp-json\/wp\/v2\/tags?post=120889"}],"curies":[{"name":"wp","href":"https:\/\/api.w.org\/{rel}","templated":true}]}}