{"id":120890,"date":"2025-05-23T02:15:20","date_gmt":"2025-05-23T02:15:20","guid":{"rendered":"https:\/\/www.europesays.com\/fr\/120890\/"},"modified":"2025-05-23T02:15:20","modified_gmt":"2025-05-23T02:15:20","slug":"a-paris-les-taxis-en-greve-entendent-continuer-les-blocages","status":"publish","type":"post","link":"https:\/\/www.europesays.com\/fr\/120890\/","title":{"rendered":"\u00e0 Paris, les taxis en gr\u00e8ve entendent continuer les blocages"},"content":{"rendered":"<p><strong>REPORTAGE &#8211;<\/strong> Vent debout contre une nouvelle tarification de l\u2019Assurance maladie sur les transports de malades, les taxis bloquent depuis quelques jours le boulevard Raspail \u00e0 Paris. Et comptent continuer de battre le pav\u00e9 tant que le gouvernement ne fait pas machine arri\u00e8re.<\/p>\n<p class=\"fig-paragraph\">Une odeur de saucisse flamb\u00e9e embaume le chic boulevard Raspail, \u00e0 Paris. Ils sont quatre hommes r\u00e9unis autour du petit barbecue noir pos\u00e9 \u00e0 m\u00eame le bitume. Abel retourne la viande \u00e0 la fourchette. Christophe et les autres, cigarette pendue aux l\u00e8vres, se chargent d\u2019\u00e9venter la fum\u00e9e. Quelques canettes de soda \u00e9tincellent sous le soleil qui se faufile entre les feuillages des platanes. Un t\u00e9l\u00e9phone pos\u00e9 sur une table en plastique crachote les ondes de NRJ.<\/p>\n<p class=\"fig-paragraph\">On pourrait se croire au beau milieu d\u2019un d\u00e9jeuner estival, exception faite du tintamarre incessant de klaxons qui \u00e9corche les oreilles des passants. Ce 22 mai, les\u00a0<a href=\"http:\/\/www.lefigaro.fr\/conso\/greve-des-taxis-plusieurs-operations-escargot-perturbent-la-circulation-en-ile-de-france-20250522\" target=\"_blank\" data-fig-type=\"NewsFlash\" rel=\"noopener\" data-gtm-custom-categorie=\"navigation\" data-gtm-custom-action=\"crossclick\" data-gtm-custom-label=\"Contextuel\" data-gtm-event=\"customEventSPE\" data-fig-domain=\"LEFIGARO\">conducteurs de taxis entament<\/a>\u00a0leur quatri\u00e8me jour de mobilisation pour protester contre une nouvelle tarification de l\u2019Assurance maladie sur les transports de malades. Cette nouvelle convention, cens\u00e9e entrer en vigueur le 1er octobre prochain pour faire baisser les\u00a0<a href=\"http:\/\/www.lefigaro.fr\/conjoncture\/budget-de-la-secu-la-partie-recettes-adoptee-a-l-assemblee-nouveau-49-3-pour-les-depenses-20231126\" target=\"_blank\" data-fig-type=\"NewsFlash\" rel=\"noopener\" data-gtm-custom-categorie=\"navigation\" data-gtm-custom-action=\"crossclick\" data-gtm-custom-label=\"Contextuel\" data-gtm-event=\"customEventSPE\" data-fig-domain=\"LEFIGARO\">d\u00e9penses de la S\u00e9curit\u00e9 sociale<\/a>, vise \u00e0 baisser le co\u00fbt des transports sanitaires. Les taxis, eux, craignent une\u2026<\/p>\n<p class=\"fig-premium-paywall__infos\">\n        Cet article est r\u00e9serv\u00e9 aux abonn\u00e9s.        Il vous reste 86% \u00e0 d\u00e9couvrir.\n    <\/p>\n<p>                <img  data- alt=\"Le Figaro\" class=\"fig-img--complete fig-img\"\/><\/p>\n<p class=\"fig-premium-paywall__title\">Vente Flash<\/p>\n<p class=\"fig-premium-paywall__subtitle\">4,99\u20ac par mois pendant 12 mois. Sans engagement.<\/p>\n<p class=\"fig-premium-paywall__connect\">\n                D\u00e9j\u00e0 abonn\u00e9\u00a0?                <a class=\"fig-premium-paywall__connect-link\" href=\"https:\/\/connect.lefigaro.fr\/login?client=horizon_web&amp;type=main&amp;redirect_uri=https%3A%2F%2Fwww.lefigaro.fr%2Factualite-france%2Fj-ai-mon-barbecue-mon-lit-je-peux-tenir-longtemps-a-paris-les-taxis-en-greve-entendent-continuer-les-blocages-20250522\" data-js-gtm=\"{&quot;customCategorie&quot;: &quot;conversion&quot;, &quot;customAction&quot;: &quot;before_Landing_Connexion_paywall_auto&quot;, &quot;customLabel&quot;: &quot;bGVmaWdhcm8uZnJfXzFmMDM2ZWQ5LTM5N2ItNjlmMC1hM2VkLTE1ZWQwZDU3NjczN19fQXJ0aWNsZQ==_\u00abJ\u2019ai mon barbecue, mon lit, je peux tenir longtemps\u00bb\u00a0: \u00e0 Paris, les taxis en gr\u00e8ve entendent continuer les blocages_541&quot;, &quot;customIDSPE&quot;: &quot;bGVmaWdhcm8uZnJfXzFmMDM2ZWQ5LTM5N2ItNjlmMC1hM2VkLTE1ZWQwZDU3NjczN19fQXJ0aWNsZQ==&quot;, &quot;event&quot;: &quot;customEventSPE&quot;}\" target=\"_blank\" rel=\"noopener\"><br \/>\n                    Connectez-vous<br \/>\n                <\/a>\n            <\/p>\n","protected":false},"excerpt":{"rendered":"REPORTAGE &#8211; Vent debout contre une nouvelle tarification de l\u2019Assurance maladie sur les transports de malades, les taxis&hellip;\n","protected":false},"author":2,"featured_media":120891,"comment_status":"","ping_status":"","sticky":false,"template":"","format":"standard","meta":{"footnotes":""},"categories":[1888],"tags":[47,1058,1054,1059,1060,1055,11,1057,1777,674,118,1011,27,1061,303,12,626,1062,25,656,104,1056,13430,809],"class_list":{"0":"post-120890","1":"post","2":"type-post","3":"status-publish","4":"format-standard","5":"has-post-thumbnail","7":"category-paris","8":"tag-actualite","9":"tag-actualite-education","10":"tag-actualite-france","11":"tag-actualite-justice","12":"tag-actualite-securite","13":"tag-actualite-societe","14":"tag-actualites","15":"tag-education","16":"tag-eu","17":"tag-europe","18":"tag-faits-divers","19":"tag-fr","20":"tag-france","21":"tag-immigration","22":"tag-justice","23":"tag-news","24":"tag-paris","25":"tag-polemique","26":"tag-republique-francaise","27":"tag-securite","28":"tag-societe","29":"tag-societe-francaise","30":"tag-taxi","31":"tag-violence"},"share_on_mastodon":{"url":"https:\/\/pubeurope.com\/@fr\/114554740728234204","error":""},"_links":{"self":[{"href":"https:\/\/www.europesays.com\/fr\/wp-json\/wp\/v2\/posts\/120890","targetHints":{"allow":["GET"]}}],"collection":[{"href":"https:\/\/www.europesays.com\/fr\/wp-json\/wp\/v2\/posts"}],"about":[{"href":"https:\/\/www.europesays.com\/fr\/wp-json\/wp\/v2\/types\/post"}],"author":[{"embeddable":true,"href":"https:\/\/www.europesays.com\/fr\/wp-json\/wp\/v2\/users\/2"}],"replies":[{"embeddable":true,"href":"https:\/\/www.europesays.com\/fr\/wp-json\/wp\/v2\/comments?post=120890"}],"version-history":[{"count":0,"href":"https:\/\/www.europesays.com\/fr\/wp-json\/wp\/v2\/posts\/120890\/revisions"}],"wp:featuredmedia":[{"embeddable":true,"href":"https:\/\/www.europesays.com\/fr\/wp-json\/wp\/v2\/media\/120891"}],"wp:attachment":[{"href":"https:\/\/www.europesays.com\/fr\/wp-json\/wp\/v2\/media?parent=120890"}],"wp:term":[{"taxonomy":"category","embeddable":true,"href":"https:\/\/www.europesays.com\/fr\/wp-json\/wp\/v2\/categories?post=120890"},{"taxonomy":"post_tag","embeddable":true,"href":"https:\/\/www.europesays.com\/fr\/wp-json\/wp\/v2\/tags?post=120890"}],"curies":[{"name":"wp","href":"https:\/\/api.w.org\/{rel}","templated":true}]}}