{"id":120896,"date":"2025-05-23T02:18:09","date_gmt":"2025-05-23T02:18:09","guid":{"rendered":"https:\/\/www.europesays.com\/fr\/120896\/"},"modified":"2025-05-23T02:18:09","modified_gmt":"2025-05-23T02:18:09","slug":"ladministration-trump-interdit-laccueil-detudiants-etrangers-a-harvard","status":"publish","type":"post","link":"https:\/\/www.europesays.com\/fr\/120896\/","title":{"rendered":"L\u2019administration Trump interdit l\u2019accueil d\u2019\u00e9tudiants \u00e9trangers \u00e0 Harvard"},"content":{"rendered":"<p>Nouvelle escalade dans la guerre ouverte entre l\u2019administration de <a href=\"https:\/\/www.20minutes.fr\/dossier\/donald_trump\" target=\"_blank\" class=\"color-ultramarine c-link\" rel=\"nofollow noopener\">Donald Trump<\/a> et les \u00e9lites universitaires am\u00e9ricaines\u00a0: le gouvernement a interdit \u00e0 <a href=\"https:\/\/www.20minutes.fr\/dossier\/harvard\" target=\"_blank\" class=\"color-ultramarine c-link\" rel=\"nofollow noopener\">Harvard<\/a> d\u2019accueillir des \u00e9tudiants internationaux \u00e0 partir de la rentr\u00e9e 2025-2026. Cette d\u00e9cision a \u00e9t\u00e9 officialis\u00e9e jeudi par la ministre de la S\u00e9curit\u00e9 int\u00e9rieure Kristi Noem.<\/p>\n<p>Dans une lettre adress\u00e9e \u00e0 l\u2019\u00e9tablissement, la ministre annonce la r\u00e9vocation de la certification SEVIS (Student and Exchange Visitor Program), emp\u00eachant Harvard de recevoir des \u00e9tudiants \u00e9trangers titulaires de <a href=\"https:\/\/www.20minutes.fr\/dossier\/visa\" target=\"_blank\" class=\"color-ultramarine c-link\" rel=\"nofollow noopener\">visas F ou J<\/a>. \u00ab\u00a0La certification du programme <a href=\"https:\/\/www.ice.gov\/sevis\" rel=\"nofollow noopener\" target=\"_blank\" class=\"color-ultramarine c-link\">SEVIS<\/a> de l\u2019universit\u00e9 Harvard est r\u00e9voqu\u00e9e avec effet imm\u00e9diat\u00a0\u00bb, pr\u00e9cise-t-elle.<\/p>\n<p>Pr\u00e8s de 7.000 \u00e9tudiants \u00e9trangers inscrits<\/p>\n<p>L\u2019universit\u00e9 accueille cette ann\u00e9e quelque 6.700 <a href=\"https:\/\/www.20minutes.fr\/dossier\/etudiants_etrangers\" target=\"_blank\" class=\"color-ultramarine c-link\" rel=\"nofollow noopener\">\u00e9tudiants internationaux<\/a>, soit 27\u00a0% de ses effectifs. Dans son courrier, Kristi Noem motive cette mesure par le refus de Harvard de fournir au gouvernement des informations concernant d\u2019\u00e9ventuelles \u00ab\u00a0activit\u00e9s ill\u00e9gales\u00a0\u00bb men\u00e9es par les \u00e9tudiants \u00e9trangers.<\/p>\n<\/p>\n<p>L<a href=\"https:\/\/www.20minutes.fr\/dossier\/universite\" target=\"_blank\" class=\"color-ultramarine c-link\" rel=\"nofollow noopener\">\u2019universit\u00e9<\/a> dispose de 72 heures pour transmettre ces donn\u00e9es si elle souhaite voir la sanction lev\u00e9e. La ministre accuse aussi l\u2019\u00e9tablissement de \u00ab\u00a0perp\u00e9tuer un environnement dangereux\u00a0\u00bb, notamment en \u00e9tant \u00ab\u00a0hostile aux \u00e9tudiants <a href=\"https:\/\/www.20minutes.fr\/dossier\/juif\" target=\"_blank\" class=\"color-ultramarine c-link\" rel=\"nofollow noopener\">juifs<\/a>\u00a0\u00bb, en \u00ab\u00a0encourageant les sympathies pro-<a href=\"https:\/\/www.20minutes.fr\/monde\/hamas\/\" target=\"_blank\" class=\"color-ultramarine c-link\" rel=\"nofollow noopener\">Hamas<\/a>\u00a0\u00bb et en promouvant \u00ab\u00a0des politiques racistes\u00a0\u00bb en mati\u00e8re de diversit\u00e9, d\u2019\u00e9quit\u00e9 et d\u2019inclusion.<\/p>\n<p>Une d\u00e9cision du gouvernement \u00ab\u00a0ill\u00e9gale\u00a0\u00bb<\/p>\n<p>Harvard d\u00e9nonce une attaque politique. \u00ab\u00a0Cette d\u00e9cision est ill\u00e9gale\u00a0\u00bb, a r\u00e9agi un porte-parole, assurant que l\u2019universit\u00e9 \u00ab\u00a0s\u2019engage \u00e0 maintenir la capacit\u00e9 de Harvard \u00e0 accueillir les \u00e9tudiants et universitaires internationaux, qui viennent de plus de 140 pays et enrichissent l\u2019universit\u00e9 de mani\u00e8re incommensurable\u00a0\u00bb.<\/p>\n<p><a href=\"https:\/\/www.20minutes.fr\/dossier\/harvard\" target=\"_blank\" class=\"c-link c-btn c-btn--primary\" rel=\"nofollow noopener\">Notre dossier sur Harvard<\/a><\/p>\n<p>L\u2019universit\u00e9 promet un accompagnement rapide pour les \u00e9tudiants concern\u00e9s, somm\u00e9s de se transf\u00e9rer dans un autre \u00e9tablissement s\u2019ils souhaitent conserver leur visa. \u00ab\u00a0Cette mesure de r\u00e9torsion menace de porter gravement atteinte \u00e0 la communaut\u00e9 de Harvard et \u00e0 notre pays\u00a0\u00bb, alerte l\u2019institution.<\/p>\n","protected":false},"excerpt":{"rendered":"Nouvelle escalade dans la guerre ouverte entre l\u2019administration de Donald Trump et les \u00e9lites universitaires am\u00e9ricaines\u00a0: le gouvernement&hellip;\n","protected":false},"author":2,"featured_media":120897,"comment_status":"","ping_status":"","sticky":false,"template":"","format":"standard","meta":{"footnotes":""},"categories":[1589],"tags":[47,11,75,73,1866,4081,6898,666,74,12,1864,1865,5768,1863,308,4392],"class_list":{"0":"post-120896","1":"post","2":"type-post","3":"status-publish","4":"format-standard","5":"has-post-thumbnail","7":"category-etats-unis","8":"tag-actualite","9":"tag-actualites","10":"tag-donald-trump","11":"tag-etats-unis","12":"tag-etats-unis-damerique","13":"tag-etudiant","14":"tag-etudiants-etrangers","15":"tag-harvard","16":"tag-monde","17":"tag-news","18":"tag-united-states","19":"tag-united-states-of-america","20":"tag-universite","21":"tag-us","22":"tag-usa","23":"tag-visa"},"share_on_mastodon":{"url":"https:\/\/pubeurope.com\/@fr\/114554752475474112","error":""},"_links":{"self":[{"href":"https:\/\/www.europesays.com\/fr\/wp-json\/wp\/v2\/posts\/120896","targetHints":{"allow":["GET"]}}],"collection":[{"href":"https:\/\/www.europesays.com\/fr\/wp-json\/wp\/v2\/posts"}],"about":[{"href":"https:\/\/www.europesays.com\/fr\/wp-json\/wp\/v2\/types\/post"}],"author":[{"embeddable":true,"href":"https:\/\/www.europesays.com\/fr\/wp-json\/wp\/v2\/users\/2"}],"replies":[{"embeddable":true,"href":"https:\/\/www.europesays.com\/fr\/wp-json\/wp\/v2\/comments?post=120896"}],"version-history":[{"count":0,"href":"https:\/\/www.europesays.com\/fr\/wp-json\/wp\/v2\/posts\/120896\/revisions"}],"wp:featuredmedia":[{"embeddable":true,"href":"https:\/\/www.europesays.com\/fr\/wp-json\/wp\/v2\/media\/120897"}],"wp:attachment":[{"href":"https:\/\/www.europesays.com\/fr\/wp-json\/wp\/v2\/media?parent=120896"}],"wp:term":[{"taxonomy":"category","embeddable":true,"href":"https:\/\/www.europesays.com\/fr\/wp-json\/wp\/v2\/categories?post=120896"},{"taxonomy":"post_tag","embeddable":true,"href":"https:\/\/www.europesays.com\/fr\/wp-json\/wp\/v2\/tags?post=120896"}],"curies":[{"name":"wp","href":"https:\/\/api.w.org\/{rel}","templated":true}]}}